{"id":126705,"date":"2021-09-10T06:00:31","date_gmt":"2021-09-10T10:00:31","guid":{"rendered":"https:\/\/linitiative.ca\/International\/au-premier-semestre-2021-le-nombre-descales-au-port-autonome-de-kribi-a-progresse-de-136\/"},"modified":"2021-09-10T06:00:31","modified_gmt":"2021-09-10T10:00:31","slug":"au-premier-semestre-2021-le-nombre-descales-au-port-autonome-de-kribi-a-progresse-de-136","status":"publish","type":"post","link":"https:\/\/linitiative.ca\/International\/au-premier-semestre-2021-le-nombre-descales-au-port-autonome-de-kribi-a-progresse-de-136\/","title":{"rendered":"Au premier semestre 2021, le nombre d\u2019escales au Port Autonome de Kribi a progress\u00e9 de 136%"},"content":{"rendered":"<div>\n<p>Apr\u00e8s une ann\u00e9e 2020 au cours de laquelle le Port Autonome de Kribi a subi les assauts des vagues du Coronavirus, les eaux de l\u2019Oc\u00e9an Atlantique semblent revenues calmes. En tout cas, \u00e0 la lecture des chiffres pr\u00e9sent\u00e9s par le Comit\u00e9 Consultatif d\u2019Orientation (CCO), le port semble avoir remis le cap vers la performance.<\/p>\n<p>Au premier semestre 2021, le Port Autonome de Kribi a d\u00e9pass\u00e9 ses objectifs de trafics d\u2019escale. Sur les 206 escales pr\u00e9vues, le trafic total a atteint 237 escales au cours de cette p\u00e9riode. Dans l\u2019ensemble, la place portuaire dirig\u00e9e par Patrice Melom a r\u00e9alis\u00e9 57% Taux de r\u00e9alisation annuel, et 115% Taux de r\u00e9alisation sur le premier semestre. Au courant de cette p\u00e9riode, le port de Kribi a surtout accueilli des porte-conteneurs. 112 d\u2019entre-deux ont jet\u00e9 leurs encres dans les eaux profondes du Port (soit 47,2%). Viennent ensuite les remorques (64), les p\u00e9troliers (27), les gaziers (17) et les Bulk Carriers (16).<\/p>\n<p><strong>Terminaux<\/strong><\/p>\n<p>Sur les terminaux, la plus grande croissance est enregistr\u00e9e au terminal \u00e0 conteneurs. Au cours de cette p\u00e9riode, Kribi Conteneurs Terminal a compt\u00e9 112% escales. Soit une progression de ses activit\u00e9s de 47%. Loin, tr\u00e8s loin devant le terminal polyvalent, o\u00f9 les activit\u00e9s ont progress\u00e9 de 33% (79 escales).\u00a0\u00ab\u00a0L\u2019\u00e9volution des escales au TAC traduit une l\u00e9g\u00e8re \u00e9volution de 8% soit 112 escales contre 104 pour une progression en valeur de 8 escales. Sur le semestre en question\u00a0\u00bb, rel\u00e8ve le CCO dans son rapport \u00e0 mi-parcours 2021.<\/p>\n<p>S\u2019agissant du Terminal Polyvalent, le CCO explique que \u00ab\u00a0L\u2019\u00e9volution des escales au TPOL semble \u00eatre en baisse comparativement \u00e0 la p\u00e9riode d\u2019analyse du fait du trafic exceptionnel enregistr\u00e9 en mars et avril 2020 soit l\u2019exportation des t\u00eates de b\u0153uf. Except\u00e9 ce trafic, l\u2019\u00e9volution des escales au TPOL est constante\u00a0\u00bb. Cette reprise des activit\u00e9s au Port autonome de Kribi reste tout de m\u00eame fragile. Apr\u00e8s un d\u00e9but de premier trimestre plut\u00f4t actif (avec une moyenne de 40 escales), le deuxi\u00e8me trimestre 2021 fait craindre un retour vers le bas. Seulement 39 escales en moyenne, avec un tr\u00e8s mauvais mois de juin (33 escales) qui s\u2019est cl\u00f4tur\u00e9 avec la plus petite performance de tout le premier semestre.<\/p>\n<p><strong>Berty Tounoudjou<\/strong><\/p>\n<p>L\u2019article <a rel=\"nofollow\" href=\"https:\/\/ecomatin.net\/au-premier-semestre-2021-le-nombre-descales-au-port-autonome-de-kribi-a-progresse-de-136\/\">Au premier semestre 2021, le nombre d\u2019escales au Port Autonome de Kribi a progress\u00e9 de 136%<\/a> est apparu en premier sur <a rel=\"nofollow\" href=\"https:\/\/ecomatin.net\/\">EcoMatin<\/a>.<\/p>\n<\/div>\n<p>Auteur: EcoMatin<br \/>\n<a href=\"https:\/\/ecomatin.net\/au-premier-semestre-2021-le-nombre-descales-au-port-autonome-de-kribi-a-progresse-de-136\/\">Cliquez ici pour lire l&rsquo;article depuis sa source.<\/a><\/p>\n","protected":false},"excerpt":{"rendered":"<p>Apr\u00e8s une ann\u00e9e 2020 au cours de laquelle le Port Autonome de Kribi a subi les assauts des vagues du Coronavirus, les eaux de l\u2019Oc\u00e9an Atlantique semblent revenues calmes. En tout cas, \u00e0 la lecture des chiffres pr\u00e9sent\u00e9s par le Comit\u00e9 Consultatif d\u2019Orientation (CCO), le port semble avoir remis le cap vers la performance. Au [&hellip;]<\/p>\n","protected":false},"author":1969,"featured_media":0,"comment_status":"closed","ping_status":"closed","sticky":false,"template":"","format":"standard","meta":{"fifu_image_url":"","fifu_image_alt":"","footnotes":""},"categories":[82,78],"tags":[],"class_list":["post-126705","post","type-post","status-publish","format-standard","hentry","category-cameroun","category-economie"],"_links":{"self":[{"href":"https:\/\/linitiative.ca\/International\/wp-json\/wp\/v2\/posts\/126705","targetHints":{"allow":["GET"]}}],"collection":[{"href":"https:\/\/linitiative.ca\/International\/wp-json\/wp\/v2\/posts"}],"about":[{"href":"https:\/\/linitiative.ca\/International\/wp-json\/wp\/v2\/types\/post"}],"author":[{"embeddable":true,"href":"https:\/\/linitiative.ca\/International\/wp-json\/wp\/v2\/users\/1969"}],"replies":[{"embeddable":true,"href":"https:\/\/linitiative.ca\/International\/wp-json\/wp\/v2\/comments?post=126705"}],"version-history":[{"count":0,"href":"https:\/\/linitiative.ca\/International\/wp-json\/wp\/v2\/posts\/126705\/revisions"}],"wp:attachment":[{"href":"https:\/\/linitiative.ca\/International\/wp-json\/wp\/v2\/media?parent=126705"}],"wp:term":[{"taxonomy":"category","embeddable":true,"href":"https:\/\/linitiative.ca\/International\/wp-json\/wp\/v2\/categories?post=126705"},{"taxonomy":"post_tag","embeddable":true,"href":"https:\/\/linitiative.ca\/International\/wp-json\/wp\/v2\/tags?post=126705"}],"curies":[{"name":"wp","href":"https:\/\/api.w.org\/{rel}","templated":true}]}}