{"id":126707,"date":"2021-09-10T13:25:53","date_gmt":"2021-09-10T17:25:53","guid":{"rendered":"https:\/\/linitiative.ca\/International\/elections-2021-des-representations-diplomatiques-au-maroc-saluent-un-exercice-democratique-reussi\/"},"modified":"2021-09-10T13:25:53","modified_gmt":"2021-09-10T17:25:53","slug":"elections-2021-des-representations-diplomatiques-au-maroc-saluent-un-exercice-democratique-reussi","status":"publish","type":"post","link":"https:\/\/linitiative.ca\/International\/elections-2021-des-representations-diplomatiques-au-maroc-saluent-un-exercice-democratique-reussi\/","title":{"rendered":"Elections 2021: Des repr\u00e9sentations diplomatiques au Maroc saluent \u00ab\u00a0un exercice d\u00e9mocratique\u00a0\u00bb r\u00e9ussi"},"content":{"rendered":"<div>\n<p><img decoding=\"async\" width=\"300\" height=\"153\" src=\"https:\/\/linitiative.ca\/International\/wp-content\/uploads\/sites\/23\/2021\/09\/Elections-vote-300x153-1.jpg\" class=\"attachment-medium size-medium wp-post-image\" alt=\"\" loading=\"lazy\" srcset=\"\/\/aujourdhui.ma\/wp-content\/uploads\/2021\/08\/Elections-vote-300x153.jpg 300w, \/\/aujourdhui.ma\/wp-content\/uploads\/2021\/08\/Elections-vote-274x140.jpg 274w, \/\/aujourdhui.ma\/wp-content\/uploads\/2021\/08\/Elections-vote.jpg 746w, \/\/aujourdhui.ma\/wp-content\/uploads\/2021\/08\/Elections-vote-165x84.jpg 165w, \/\/aujourdhui.ma\/wp-content\/uploads\/2021\/08\/Elections-vote-702x358.jpg 702w\" sizes=\"auto, (max-width: 300px) 100vw, 300px\"><\/p>\n<p><strong>Plusieurs repr\u00e9sentations diplomatiques accr\u00e9dit\u00e9es au Maroc ont salu\u00e9 le bon d\u00e9roulement des \u00e9lections g\u00e9n\u00e9rales tenues le 8 septembre dans l\u2019ensemble du territoire national, y voyant un \u00ab\u00a0exercice d\u00e9mocratique\u00a0\u00bb r\u00e9ussi.<\/strong><span id=\"more-386390\"><\/span><\/p>\n<p>Dans des tweets, ces chancelleries ont tenu \u00e0 f\u00e9liciter les autorit\u00e9s et le peuple marocains pour la r\u00e9ussite de ce triple scrutin, qui a enregistr\u00e9 un taux de participation d\u00e9passant les 50%, dans le contexte difficile de la pand\u00e9mie.<\/p>\n<p>Tr\u00e8s impressionn\u00e9e par le d\u00e9roulement d\u00e9mocratique des \u00e9lections du 8 septembre, l\u2019ambassade du Japon \u00e0 Rabat a tenu \u00e0 f\u00e9liciter les Marocaines et Marocains \u00e0 cette occasion.<\/p>\n<p>L\u2019ambassade du Royaume-Uni a exprim\u00e9, pour sa part, sa joie de participer \u00e0 l\u2019observation de ces \u00e9lections, se disant pr\u00eate \u00e0 travailler avec le prochain gouvernement pour approfondir les liens historiques entre les deux Royaumes.<\/p>\n<p>L\u2019ambassade n\u2019a pas manqu\u00e9 de faire part du soutien du gouvernement britannique au d\u00e9veloppement d\u00e9mocratique au Maroc au cours de la derni\u00e8re d\u00e9cennie.<\/p>\n<p>\u00ab\u00a0En d\u00e9pit de la situation sanitaire difficile \u00e0 cause de la pand\u00e9mie de la Covid-19, nos amis marocains ont r\u00e9ussi \u00e0 tenir une campagne \u00e9lectorale juste et transparente, et \u00e0 assurer la libre expression de la volont\u00e9 des citoyens qui se sont rendus aux bureaux de vote\u00a0\u00bb, \u00e9crit, de son c\u00f4t\u00e9, l\u2019ambassade de la F\u00e9d\u00e9ration de Russie dans son tweet.<\/p>\n<p>Apr\u00e8s avoir f\u00e9licit\u00e9 les autorit\u00e9s du Royaume et tout le peuple marocain ami \u00e0 l\u2019occasion de la tenue de ces \u00e9lections, l\u2019ambassade russe s\u2019est dite convaincue que la nouvelle Chambre des Repr\u00e9sentants ainsi que le gouvernement continueront \u00e0 travailler en faveur de la prosp\u00e9rit\u00e9 continue du Royaume du Maroc et contribueront au d\u00e9veloppement des liens russo-marocains pour le bien des deux peuples.<\/p>\n<p>Pour sa part, l\u2019ambassade d\u2019Italie \u00e0 Rabat a qualifi\u00e9 les \u00e9lections du 8 septembre de \u00ab\u00a0grand exercice de d\u00e9mocratie\u00a0\u00bb, souhaitant succ\u00e8s aux \u00e9lus.<\/p>\n<p>Elle a fait part, dans ce cadre, de l\u2019esprit du partenariat et d\u2019amiti\u00e9 fraternelle qui unissent les deux peuples marocain et italien.<\/p>\n<p>Dans la m\u00eame veine, l\u2019ambassade des Philippines a particuli\u00e8rement salu\u00e9 le taux \u00e9lev\u00e9 de participation enregistr\u00e9 lors de ces \u00e9lections, exprimant son appr\u00e9ciation des aspirations du peuple marocain \u00e0 une d\u00e9mocratie forte et durable.<\/p>\n<p>Plusieurs autres repr\u00e9sentations diplomatiques accr\u00e9dit\u00e9es au Maroc ont \u00e9galement salu\u00e9 le bon d\u00e9roulement du triple scrutin du 8 septembre. C\u2019est le cas notamment de l\u2019ambassade des Pays Bas qui s\u2019est dite heureuse de voir des millions de Marocains exercer leur droit de vote, et de l\u2019Ambassadeur suisse \u00e0 Rabat, Guillaume Scheurer, qui a tweet\u00e9: \u00ab\u00a0la d\u00e9mocratie en action\u00a0\u00bb.<\/p>\n<p>Le jour m\u00eame du scrutin, l\u2019ambassade des \u00c9tats-Unis \u00e0 Rabat avait tenu \u00e0 f\u00e9liciter, dans un tweet, le Royaume pour sa r\u00e9ussite dans l\u2019organisation des \u00e9lections l\u00e9gislatives, r\u00e9gionales et communales du 8 septembre.<\/p>\n<p>\u00ab\u00a0Notre engagement commun envers le processus d\u00e9mocratique renforce notre partenariat de 200 ans\u00a0\u00bb, avait \u00e9crit l\u2019ambassade US.<\/p>\n<p>Des \u00e9lections l\u00e9gislatives, r\u00e9gionales et communales ont \u00e9t\u00e9 organis\u00e9es le 8 septembre au Maroc et marqu\u00e9es par un taux de participation de 50,35% au niveau national.<\/p>\n<p>Les r\u00e9gions du sud du Royaume ont enregistr\u00e9 un taux de participation encourageant qui a atteint 58,30 pc au niveau de la r\u00e9gion Dakhla-Oued Eddahab, 63,76 pc dans la r\u00e9gion de Guelmim-Oued Noun et 66,94 pc dans la r\u00e9gion L\u00e2ayoune Sakia El Hamra.<\/p>\n<\/div>\n<p>Auteur: ALM<br \/>\n<a href=\"https:\/\/aujourdhui.ma\/politique\/elections-2021-des-representations-diplomatiques-au-maroc-saluent-un-exercice-democratique-reussi\">Cliquez ici pour lire l&rsquo;article depuis sa source.<\/a><\/p>\n","protected":false},"excerpt":{"rendered":"<p>Plusieurs repr\u00e9sentations diplomatiques accr\u00e9dit\u00e9es au Maroc ont salu\u00e9 le bon d\u00e9roulement des \u00e9lections g\u00e9n\u00e9rales tenues le 8 septembre dans l\u2019ensemble du territoire national, y voyant un \u00ab\u00a0exercice d\u00e9mocratique\u00a0\u00bb r\u00e9ussi. Dans des tweets, ces chancelleries ont tenu \u00e0 f\u00e9liciter les autorit\u00e9s et le peuple marocains pour la r\u00e9ussite de ce triple scrutin, qui a enregistr\u00e9 un [&hellip;]<\/p>\n","protected":false},"author":1759,"featured_media":0,"comment_status":"closed","ping_status":"closed","sticky":false,"template":"","format":"standard","meta":{"fifu_image_url":"https:\/\/aujourdhui.ma\/wp-content\/uploads\/2021\/08\/Elections-vote-300x153.jpg","fifu_image_alt":"Elections 2021: Des repr\u00e9sentations diplomatiques au Maroc saluent \u00ab\u00a0un exercice d\u00e9mocratique\u00a0\u00bb r\u00e9ussi","footnotes":""},"categories":[73,54],"tags":[],"class_list":["post-126707","post","type-post","status-publish","format-standard","hentry","category-actualite","category-maroc"],"_links":{"self":[{"href":"https:\/\/linitiative.ca\/International\/wp-json\/wp\/v2\/posts\/126707","targetHints":{"allow":["GET"]}}],"collection":[{"href":"https:\/\/linitiative.ca\/International\/wp-json\/wp\/v2\/posts"}],"about":[{"href":"https:\/\/linitiative.ca\/International\/wp-json\/wp\/v2\/types\/post"}],"author":[{"embeddable":true,"href":"https:\/\/linitiative.ca\/International\/wp-json\/wp\/v2\/users\/1759"}],"replies":[{"embeddable":true,"href":"https:\/\/linitiative.ca\/International\/wp-json\/wp\/v2\/comments?post=126707"}],"version-history":[{"count":0,"href":"https:\/\/linitiative.ca\/International\/wp-json\/wp\/v2\/posts\/126707\/revisions"}],"wp:attachment":[{"href":"https:\/\/linitiative.ca\/International\/wp-json\/wp\/v2\/media?parent=126707"}],"wp:term":[{"taxonomy":"category","embeddable":true,"href":"https:\/\/linitiative.ca\/International\/wp-json\/wp\/v2\/categories?post=126707"},{"taxonomy":"post_tag","embeddable":true,"href":"https:\/\/linitiative.ca\/International\/wp-json\/wp\/v2\/tags?post=126707"}],"curies":[{"name":"wp","href":"https:\/\/api.w.org\/{rel}","templated":true}]}}