{"id":126709,"date":"2021-09-10T14:00:14","date_gmt":"2021-09-10T18:00:14","guid":{"rendered":"https:\/\/linitiative.ca\/International\/education-formation-enseignement-une-serie-de-mesures-pour-assurer-le-demarrage-effectif-au-1er-octobre\/"},"modified":"2021-09-10T14:00:14","modified_gmt":"2021-09-10T18:00:14","slug":"education-formation-enseignement-une-serie-de-mesures-pour-assurer-le-demarrage-effectif-au-1er-octobre","status":"publish","type":"post","link":"https:\/\/linitiative.ca\/International\/education-formation-enseignement-une-serie-de-mesures-pour-assurer-le-demarrage-effectif-au-1er-octobre\/","title":{"rendered":"Education-formation-enseignement: Une s\u00e9rie de mesures pour assurer le d\u00e9marrage effectif au 1er octobre"},"content":{"rendered":"<div>\n<p><img decoding=\"async\" width=\"300\" height=\"153\" src=\"https:\/\/linitiative.ca\/International\/wp-content\/uploads\/sites\/23\/2021\/09\/Saaid-Amzazi-Education-300x153-1.jpg\" class=\"attachment-medium size-medium wp-post-image\" alt=\"\" loading=\"lazy\" srcset=\"\/\/aujourdhui.ma\/wp-content\/uploads\/2021\/07\/Saaid-Amzazi-Education-300x153.jpg 300w, \/\/aujourdhui.ma\/wp-content\/uploads\/2021\/07\/Saaid-Amzazi-Education-274x140.jpg 274w, \/\/aujourdhui.ma\/wp-content\/uploads\/2021\/07\/Saaid-Amzazi-Education.jpg 746w, \/\/aujourdhui.ma\/wp-content\/uploads\/2021\/07\/Saaid-Amzazi-Education-165x84.jpg 165w, \/\/aujourdhui.ma\/wp-content\/uploads\/2021\/07\/Saaid-Amzazi-Education-702x358.jpg 702w\" sizes=\"auto, (max-width: 300px) 100vw, 300px\"><\/p>\n<p><strong>Le minist\u00e8re de l\u2019\u00c9ducation nationale, de la Formation professionnelle, de l\u2019Enseignement sup\u00e9rieur et de la Recherche scientifique a annonc\u00e9, vendredi, que plusieurs mesures p\u00e9dagogiques et organisationnelles ont \u00e9t\u00e9 prises en pr\u00e9vision du d\u00e9marrage effectif des cours le 1er octobre.<\/strong><span id=\"more-386394\"><\/span><\/p>\n<p>Ces mesures concernent les d\u00e9partements de l\u2019\u00e9ducation nationale, de l\u2019enseignement sup\u00e9rieur et de la recherche scientifique et celui de la formation professionnelle, a indiqu\u00e9 le minist\u00e8re dans un communiqu\u00e9.<\/p>\n<p>S\u2019agissant de l\u2019\u00e9ducation nationale, il a \u00e9t\u00e9 d\u00e9cid\u00e9 d\u2019actualiser les programmes scolaires pour la saison scolaire \u202a2021-2022\u202c, afin d\u2019adapter leur diff\u00e9rentes \u00e9tapes \u00e0 la nouvelle date de d\u00e9marrage effectif des cours, notamment les vacances scolaires, les devoirs et les examens scolaires, afin de pr\u00e9server le temps scolaire et d\u2019achever les cours.<\/p>\n<p>Il s\u2019agit \u00e9galement d\u2019\u00e9laborer des programmes de travail p\u00e9dagogiques r\u00e9gionaux et provinciaux, ainsi qu\u2019au niveau de tous les \u00e9tablissements scolaires publics et priv\u00e9s, afin d\u2019achever toutes les op\u00e9rations li\u00e9es aux pr\u00e9paratifs de la saison scolaire en cours, en plus de la diffusion t\u00e9l\u00e9vis\u00e9e et via la plateforme \u00e9lectronique et l\u2019application mobile TelmidTICE, \u00e0 compter du 13 septembre, des s\u00e9ances de r\u00e9vision et d\u2019appui pour les trois cycles scolaires et au profit de tous les \u00e9l\u00e8ves des secteurs public et priv\u00e9, selon une programmation sp\u00e9cifique.<\/p>\n<p>A cet \u00e9gard, le minist\u00e8re exhorte les parents et tuteurs d\u2019\u00e9l\u00e8ves \u00e0 encadrer et accompagner leurs enfants pour qu\u2019ils puissent profiter de cette p\u00e9riode (reliquat mois septembre) pour se familiariser progressivement avec les \u00e9tudes et ce, gr\u00e2ce \u00e0 l\u2019utilisation de diverses ressources p\u00e9dagogiques disponibles (manuels, fascicules, plateformes p\u00e9dagogiques\u2026), en plus de la r\u00e9alisation d\u2019activit\u00e9s d\u2019auto-apprentissage et de lecture parall\u00e8le et le suivi des sessions de r\u00e9vision et d\u2019appui qui seront diffus\u00e9s, en plus d\u2019apporter un soutien psychologique et moral aux enfants, surtout dans cette conjoncture exceptionnelle marqu\u00e9e par l\u2019\u00e9mergence de la \u00ab\u00a0Covid 19\u00a0\u00bb.<\/p>\n<p>Concernant l\u2019enseignement sup\u00e9rieur et la recherche scientifique, des concours d\u2019acc\u00e8s seront organis\u00e9s \u00e0 distance pour les fili\u00e8res s\u00e9lectives (licence professionnelle, master), en plus de la diffusion t\u00e9l\u00e9vis\u00e9e de cours produits par les universit\u00e9s nationales, selon une programmation qui sera annonc\u00e9e dans les prochains jours.<\/p>\n<p>Ces mesures seront corrobor\u00e9es par la mise \u00e0 la disposition des \u00e9tudiants des contenus num\u00e9riques, \u00e0 travers les plateformes universitaires dans le cadre de l\u2019auto-formation, et l\u2019organisation du processus d\u2019acc\u00e8s aux \u00e9tablissements \u00e0 acc\u00e8s restreint, \u00e0 travers le syst\u00e8me de passerelle, ainsi que l\u2019organisation du processus d\u2019\u00e9valuation du niveau de ma\u00eetrise des langues \u00e9trang\u00e8res des \u00e9tudiants pour les personnes assujetties au syst\u00e8me de Bachelor.<\/p>\n<p>Au niveau de la formation professionnelle, poursuit le communiqu\u00e9, une ad\u00e9quation du calendrier avec les programmes de formation a \u00e9t\u00e9 d\u00e9cid\u00e9e, et tous les stagiaires seront tenus inform\u00e9s des modalit\u00e9s de la rentr\u00e9e, en pr\u00e9vision des stages et de la possibilit\u00e9 d\u2019organiser des s\u00e9ances de r\u00e9vision \u00e0 distance.<\/p>\n<p>A cette occasion, le minist\u00e8re r\u00e9it\u00e8re son appel \u00e0 tous les citoyens \u00e0 s\u2019engager massivement en faveur de l\u2019op\u00e9ration nationale de vaccination et de poursuivre le respect des mesures de pr\u00e9caution recommand\u00e9es par les autorit\u00e9s comp\u00e9tentes, afin d\u2019acc\u00e9l\u00e9rer le rythme de retour \u00e0 la vie normale pour un d\u00e9marrage effectif des cours dans des conditions normales.<\/p>\n<\/div>\n<p>Auteur: ALM<br \/>\n<a href=\"https:\/\/aujourdhui.ma\/actualite\/education-formation-enseignement-une-serie-de-mesures-pour-assurer-le-demarrage-effectif-au-1er-octobre\">Cliquez ici pour lire l&rsquo;article depuis sa source.<\/a><\/p>\n","protected":false},"excerpt":{"rendered":"<p>Le minist\u00e8re de l\u2019\u00c9ducation nationale, de la Formation professionnelle, de l\u2019Enseignement sup\u00e9rieur et de la Recherche scientifique a annonc\u00e9, vendredi, que plusieurs mesures p\u00e9dagogiques et organisationnelles ont \u00e9t\u00e9 prises en pr\u00e9vision du d\u00e9marrage effectif des cours le 1er octobre. Ces mesures concernent les d\u00e9partements de l\u2019\u00e9ducation nationale, de l\u2019enseignement sup\u00e9rieur et de la recherche scientifique [&hellip;]<\/p>\n","protected":false},"author":1759,"featured_media":0,"comment_status":"closed","ping_status":"closed","sticky":false,"template":"","format":"standard","meta":{"fifu_image_url":"https:\/\/aujourdhui.ma\/wp-content\/uploads\/2021\/07\/Saaid-Amzazi-Education-300x153.jpg","fifu_image_alt":"Education-formation-enseignement: Une s\u00e9rie de mesures pour assurer le d\u00e9marrage effectif au 1er octobre","footnotes":""},"categories":[73,54],"tags":[],"class_list":["post-126709","post","type-post","status-publish","format-standard","hentry","category-actualite","category-maroc"],"_links":{"self":[{"href":"https:\/\/linitiative.ca\/International\/wp-json\/wp\/v2\/posts\/126709","targetHints":{"allow":["GET"]}}],"collection":[{"href":"https:\/\/linitiative.ca\/International\/wp-json\/wp\/v2\/posts"}],"about":[{"href":"https:\/\/linitiative.ca\/International\/wp-json\/wp\/v2\/types\/post"}],"author":[{"embeddable":true,"href":"https:\/\/linitiative.ca\/International\/wp-json\/wp\/v2\/users\/1759"}],"replies":[{"embeddable":true,"href":"https:\/\/linitiative.ca\/International\/wp-json\/wp\/v2\/comments?post=126709"}],"version-history":[{"count":0,"href":"https:\/\/linitiative.ca\/International\/wp-json\/wp\/v2\/posts\/126709\/revisions"}],"wp:attachment":[{"href":"https:\/\/linitiative.ca\/International\/wp-json\/wp\/v2\/media?parent=126709"}],"wp:term":[{"taxonomy":"category","embeddable":true,"href":"https:\/\/linitiative.ca\/International\/wp-json\/wp\/v2\/categories?post=126709"},{"taxonomy":"post_tag","embeddable":true,"href":"https:\/\/linitiative.ca\/International\/wp-json\/wp\/v2\/tags?post=126709"}],"curies":[{"name":"wp","href":"https:\/\/api.w.org\/{rel}","templated":true}]}}