{"id":126711,"date":"2021-09-10T15:03:54","date_gmt":"2021-09-10T19:03:54","guid":{"rendered":"https:\/\/linitiative.ca\/International\/sm-le-roi-nomme-m-aziz-akhannouch-chef-de-gouvernement-et-le-charge-de-former-le-nouveau-gouvernement\/"},"modified":"2021-09-10T15:03:54","modified_gmt":"2021-09-10T19:03:54","slug":"sm-le-roi-nomme-m-aziz-akhannouch-chef-de-gouvernement-et-le-charge-de-former-le-nouveau-gouvernement","status":"publish","type":"post","link":"https:\/\/linitiative.ca\/International\/sm-le-roi-nomme-m-aziz-akhannouch-chef-de-gouvernement-et-le-charge-de-former-le-nouveau-gouvernement\/","title":{"rendered":"SM le Roi nomme M. Aziz Akhannouch chef de gouvernement et le charge de former le nouveau gouvernement"},"content":{"rendered":"<div>\n<p><img decoding=\"async\" width=\"300\" height=\"153\" src=\"https:\/\/linitiative.ca\/International\/wp-content\/uploads\/sites\/23\/2021\/09\/aziz-akhannouch-mohammed-6-300x153-1.jpg\" class=\"attachment-medium size-medium wp-post-image\" alt=\"\" loading=\"lazy\" srcset=\"\/\/aujourdhui.ma\/wp-content\/uploads\/2021\/09\/aziz-akhannouch-mohammed-6-300x153.jpg 300w, \/\/aujourdhui.ma\/wp-content\/uploads\/2021\/09\/aziz-akhannouch-mohammed-6-274x140.jpg 274w, \/\/aujourdhui.ma\/wp-content\/uploads\/2021\/09\/aziz-akhannouch-mohammed-6.jpg 746w, \/\/aujourdhui.ma\/wp-content\/uploads\/2021\/09\/aziz-akhannouch-mohammed-6-165x84.jpg 165w, \/\/aujourdhui.ma\/wp-content\/uploads\/2021\/09\/aziz-akhannouch-mohammed-6-702x358.jpg 702w\" sizes=\"auto, (max-width: 300px) 100vw, 300px\"><\/p>\n<p>Sa Majest\u00e9 le Roi Mohammed VI, que Dieu L\u2019assiste, accompagn\u00e9 de SAR le Prince h\u00e9ritier Moulay El Hassan, a re\u00e7u vendredi au Palais Royal \u00e0 F\u00e8s, M. Aziz Akhannouch, pr\u00e9sident du Rassemblement National des Ind\u00e9pendants (RNI), que le Souverain a nomm\u00e9 chef de gouvernement et a charg\u00e9 de former le nouveau gouvernement, a annonc\u00e9 le minist\u00e8re de la Maison Royale, du Protocole et de la Chancellerie dans un communiqu\u00e9.<\/p>\n<p><strong>Voici la traduction de ce communiqu\u00e9 :<\/strong><\/p>\n<p>\u00a0\u00bbLe minist\u00e8re de la Maison royale, du Protocole et de la Chancellerie annonce que Sa Majest\u00e9 le Roi Mohammed VI, que Dieu L\u2019assiste, accompagn\u00e9 de SAR le Prince h\u00e9ritier Moulay El Hassan, a re\u00e7u vendredi 10 septembre 2021 au palais Royal \u00e0 F\u00e8s, M. Aziz Akhannouch, pr\u00e9sident du Parti \u00abRassemblement National des Ind\u00e9pendants\u00bb, que le Souverain a nomm\u00e9 Chef de gouvernement, et l\u2019a charg\u00e9 de former le nouveau gouvernement.<\/p>\n<p>Cette nomination intervient conform\u00e9ment aux dispositions constitutionnelles et sur la base des r\u00e9sultats des \u00e9lections l\u00e9gislatives du 08 septembre 2021\u2033.<\/p>\n<p><a href=\"https:\/\/linitiative.ca\/International\/wp-content\/uploads\/sites\/23\/2021\/09\/ziz-akhanouch-roi-mohammed-6.jpeg\"><img decoding=\"async\" loading=\"lazy\" class=\"aligncenter size-full wp-image-386401\" src=\"https:\/\/linitiative.ca\/International\/wp-content\/uploads\/sites\/23\/2021\/09\/ziz-akhanouch-roi-mohammed-6.jpeg\" alt=\"\" width=\"768\" height=\"1024\" srcset=\"\/\/aujourdhui.ma\/wp-content\/uploads\/2021\/09\/ziz-akhanouch-roi-mohammed-6.jpeg 768w, \/\/aujourdhui.ma\/wp-content\/uploads\/2021\/09\/ziz-akhanouch-roi-mohammed-6-225x300.jpeg 225w\" sizes=\"auto, (max-width: 768px) 100vw, 768px\"><\/a><\/p>\n<\/div>\n<p>Auteur: ALM<br \/>\n<a href=\"https:\/\/aujourdhui.ma\/actualite\/sm-le-roi-nomme-m-aziz-akhannouch-chef-de-gouvernement-et-le-charge-de-former-le-nouveau-gouvernement\">Cliquez ici pour lire l&rsquo;article depuis sa source.<\/a><\/p>\n","protected":false},"excerpt":{"rendered":"<p>Sa Majest\u00e9 le Roi Mohammed VI, que Dieu L\u2019assiste, accompagn\u00e9 de SAR le Prince h\u00e9ritier Moulay El Hassan, a re\u00e7u vendredi au Palais Royal \u00e0 F\u00e8s, M. Aziz Akhannouch, pr\u00e9sident du Rassemblement National des Ind\u00e9pendants (RNI), que le Souverain a nomm\u00e9 chef de gouvernement et a charg\u00e9 de former le nouveau gouvernement, a annonc\u00e9 le [&hellip;]<\/p>\n","protected":false},"author":1759,"featured_media":0,"comment_status":"closed","ping_status":"closed","sticky":false,"template":"","format":"standard","meta":{"fifu_image_url":"https:\/\/aujourdhui.ma\/wp-content\/uploads\/2021\/09\/aziz-akhannouch-mohammed-6-300x153.jpg","fifu_image_alt":"SM le Roi nomme M. Aziz Akhannouch chef de gouvernement et le charge de former le nouveau gouvernement","footnotes":""},"categories":[73,54],"tags":[],"class_list":["post-126711","post","type-post","status-publish","format-standard","hentry","category-actualite","category-maroc"],"_links":{"self":[{"href":"https:\/\/linitiative.ca\/International\/wp-json\/wp\/v2\/posts\/126711","targetHints":{"allow":["GET"]}}],"collection":[{"href":"https:\/\/linitiative.ca\/International\/wp-json\/wp\/v2\/posts"}],"about":[{"href":"https:\/\/linitiative.ca\/International\/wp-json\/wp\/v2\/types\/post"}],"author":[{"embeddable":true,"href":"https:\/\/linitiative.ca\/International\/wp-json\/wp\/v2\/users\/1759"}],"replies":[{"embeddable":true,"href":"https:\/\/linitiative.ca\/International\/wp-json\/wp\/v2\/comments?post=126711"}],"version-history":[{"count":0,"href":"https:\/\/linitiative.ca\/International\/wp-json\/wp\/v2\/posts\/126711\/revisions"}],"wp:attachment":[{"href":"https:\/\/linitiative.ca\/International\/wp-json\/wp\/v2\/media?parent=126711"}],"wp:term":[{"taxonomy":"category","embeddable":true,"href":"https:\/\/linitiative.ca\/International\/wp-json\/wp\/v2\/categories?post=126711"},{"taxonomy":"post_tag","embeddable":true,"href":"https:\/\/linitiative.ca\/International\/wp-json\/wp\/v2\/tags?post=126711"}],"curies":[{"name":"wp","href":"https:\/\/api.w.org\/{rel}","templated":true}]}}