{"id":126714,"date":"2021-09-10T15:58:50","date_gmt":"2021-09-10T19:58:50","guid":{"rendered":"https:\/\/linitiative.ca\/International\/aziz-akhannouch-des-consultations-seront-engagees-avec-les-partis-pour-la-formation-dune-majorite-coherente-et-homogene\/"},"modified":"2021-09-10T15:58:50","modified_gmt":"2021-09-10T19:58:50","slug":"aziz-akhannouch-des-consultations-seront-engagees-avec-les-partis-pour-la-formation-dune-majorite-coherente-et-homogene","status":"publish","type":"post","link":"https:\/\/linitiative.ca\/International\/aziz-akhannouch-des-consultations-seront-engagees-avec-les-partis-pour-la-formation-dune-majorite-coherente-et-homogene\/","title":{"rendered":"Aziz Akhannouch : Des consultations seront engag\u00e9es avec les partis pour la formation d\u2019une majorit\u00e9 coh\u00e9rente et homog\u00e8ne"},"content":{"rendered":"<div>\n<p><img decoding=\"async\" width=\"300\" height=\"167\" src=\"https:\/\/linitiative.ca\/International\/wp-content\/uploads\/sites\/23\/2021\/09\/Akhanouch-2821-2014-01-31-4-300x167-1.jpg\" class=\"attachment-medium size-medium wp-post-image\" alt=\"\" loading=\"lazy\" srcset=\"\/\/aujourdhui.ma\/wp-content\/uploads\/2016\/02\/Akhanouch-2821-2014-01-31-4-300x167.jpg 300w, \/\/aujourdhui.ma\/wp-content\/uploads\/2016\/02\/Akhanouch-2821-2014-01-31-4.jpg 640w\" sizes=\"auto, (max-width: 300px) 100vw, 300px\"><\/p>\n<p><strong>Des consultations seront engag\u00e9es avec les partis pour la formation d\u2019une majorit\u00e9 coh\u00e9rente, homog\u00e8ne et porteuse de programmes convergents, a indiqu\u00e9 M. Aziz Akhannouch, pr\u00e9sident du Rassemblement national des ind\u00e9pendants (RNI), que Sa Majest\u00e9 le Roi Mohammed VI a re\u00e7u vendredi au Palais Royal de F\u00e8s et nomm\u00e9 chef de gouvernement.<\/strong><span id=\"more-386404\"><\/span><\/p>\n<p>\u00abNous allons engager, \u00e0 partir de ce jour, des consultations avec les partis, avec lesquels nous serons en accord dans le futur, pour la formation d\u2019une majorit\u00e9 coh\u00e9rente, homog\u00e8ne et porteuse de programmes convergents\u00bb, a assur\u00e9 M. Akhannouch dans une d\u00e9claration \u00e0 la presse \u00e0 l\u2019issue de l\u2019audience que lui a accord\u00e9e le Souverain.<\/p>\n<p>Exprimant sa fiert\u00e9 pour la confiance Royale, M. Akhannouch, qui a \u00e9t\u00e9 charg\u00e9 par le Souverain de former le nouveau gouvernement, a exprim\u00e9 le v\u0153u que le gouvernement comprenne des membres en mesure de mettre en \u0153uvre les grands chantiers et strat\u00e9gies de Sa Majest\u00e9 le Roi, ainsi que les futurs programmes gouvernementaux.<\/p>\n<p>M. Akhannouch a, en outre, affirm\u00e9 que l\u2019audience que lui a accord\u00e9e Sa Majest\u00e9 le Roi \u00e9tait un honneur et \u00abque cette confiance Royale est une grande responsabilit\u00e9 dont nous sommes parfaitement conscients\u00bb.<\/p>\n<\/div>\n<p>Auteur: ALM<br \/>\n<a href=\"https:\/\/aujourdhui.ma\/politique\/aziz-akhannouch-des-consultations-seront-engagees-avec-les-partis-pour-la-formation-dune-majorite-coherente-et-homogene\">Cliquez ici pour lire l&rsquo;article depuis sa source.<\/a><\/p>\n","protected":false},"excerpt":{"rendered":"<p>Des consultations seront engag\u00e9es avec les partis pour la formation d\u2019une majorit\u00e9 coh\u00e9rente, homog\u00e8ne et porteuse de programmes convergents, a indiqu\u00e9 M. Aziz Akhannouch, pr\u00e9sident du Rassemblement national des ind\u00e9pendants (RNI), que Sa Majest\u00e9 le Roi Mohammed VI a re\u00e7u vendredi au Palais Royal de F\u00e8s et nomm\u00e9 chef de gouvernement. \u00abNous allons engager, \u00e0 [&hellip;]<\/p>\n","protected":false},"author":1759,"featured_media":0,"comment_status":"closed","ping_status":"closed","sticky":false,"template":"","format":"standard","meta":{"fifu_image_url":"https:\/\/aujourdhui.ma\/wp-content\/uploads\/2016\/02\/Akhanouch-2821-2014-01-31-4-300x167.jpg","fifu_image_alt":"Aziz Akhannouch : Des consultations seront engag\u00e9es avec les partis pour la formation d\u2019une majorit\u00e9 coh\u00e9rente et homog\u00e8ne","footnotes":""},"categories":[73,54],"tags":[],"class_list":["post-126714","post","type-post","status-publish","format-standard","hentry","category-actualite","category-maroc"],"_links":{"self":[{"href":"https:\/\/linitiative.ca\/International\/wp-json\/wp\/v2\/posts\/126714","targetHints":{"allow":["GET"]}}],"collection":[{"href":"https:\/\/linitiative.ca\/International\/wp-json\/wp\/v2\/posts"}],"about":[{"href":"https:\/\/linitiative.ca\/International\/wp-json\/wp\/v2\/types\/post"}],"author":[{"embeddable":true,"href":"https:\/\/linitiative.ca\/International\/wp-json\/wp\/v2\/users\/1759"}],"replies":[{"embeddable":true,"href":"https:\/\/linitiative.ca\/International\/wp-json\/wp\/v2\/comments?post=126714"}],"version-history":[{"count":0,"href":"https:\/\/linitiative.ca\/International\/wp-json\/wp\/v2\/posts\/126714\/revisions"}],"wp:attachment":[{"href":"https:\/\/linitiative.ca\/International\/wp-json\/wp\/v2\/media?parent=126714"}],"wp:term":[{"taxonomy":"category","embeddable":true,"href":"https:\/\/linitiative.ca\/International\/wp-json\/wp\/v2\/categories?post=126714"},{"taxonomy":"post_tag","embeddable":true,"href":"https:\/\/linitiative.ca\/International\/wp-json\/wp\/v2\/tags?post=126714"}],"curies":[{"name":"wp","href":"https:\/\/api.w.org\/{rel}","templated":true}]}}