{"id":126716,"date":"2021-09-10T18:29:42","date_gmt":"2021-09-10T22:29:42","guid":{"rendered":"https:\/\/linitiative.ca\/International\/douane-saisie-de-6200-kg-de-petards-et-feux-dartifice-importes-sans-declaration\/"},"modified":"2021-09-10T18:29:42","modified_gmt":"2021-09-10T22:29:42","slug":"douane-saisie-de-6200-kg-de-petards-et-feux-dartifice-importes-sans-declaration","status":"publish","type":"post","link":"https:\/\/linitiative.ca\/International\/douane-saisie-de-6200-kg-de-petards-et-feux-dartifice-importes-sans-declaration\/","title":{"rendered":"Douane : Saisie de 6200 Kg de p\u00e9tards et feux d\u2019artifice import\u00e9s sans d\u00e9claration"},"content":{"rendered":"<div>\n<p><img decoding=\"async\" width=\"300\" height=\"153\" src=\"https:\/\/linitiative.ca\/International\/wp-content\/uploads\/sites\/23\/2021\/09\/petards-300x153-1.jpg\" class=\"attachment-medium size-medium wp-post-image\" alt=\"\" loading=\"lazy\" srcset=\"\/\/aujourdhui.ma\/wp-content\/uploads\/2021\/08\/petards-300x153.jpg 300w, \/\/aujourdhui.ma\/wp-content\/uploads\/2021\/08\/petards-274x140.jpg 274w, \/\/aujourdhui.ma\/wp-content\/uploads\/2021\/08\/petards.jpg 746w, \/\/aujourdhui.ma\/wp-content\/uploads\/2021\/08\/petards-165x84.jpg 165w, \/\/aujourdhui.ma\/wp-content\/uploads\/2021\/08\/petards-702x358.jpg 702w\" sizes=\"auto, (max-width: 300px) 100vw, 300px\"><\/p>\n<div dir=\"auto\"><strong>La Direction des douanes du port de Casablanca a annonc\u00e9 vendredi avoir saisi 6200 Kg de p\u00e9tards et feux d\u2019artifice import\u00e9s sans d\u00e9claration.<\/strong><\/div>\n<p><span id=\"more-386407\"><\/span><\/p>\n<div dir=\"auto\"><\/div>\n<div dir=\"auto\">La m\u00eame source a pr\u00e9cis\u00e9 dans un communiqu\u00e9 avoir mis en \u00e9chec jeudi une tentative d\u2019importation de 446 cartons renfermant 814.344 unit\u00e9s de feux d\u2019artifice et de p\u00e9tards d\u2019un poids net global de 6200 Kg, soumise \u00e0 autorisation d\u2019importation.<\/div>\n<div dir=\"auto\"><\/div>\n<div dir=\"auto\">Ce lot de marchandises a \u00e9t\u00e9 saisi lors d\u2019un contr\u00f4le frontalier gr\u00e2ce aux mesures de ciblage et de v\u00e9rification physique.<\/div>\n<div dir=\"auto\"><\/div>\n<div dir=\"auto\">Les articles saisis ont \u00e9t\u00e9 minutieusement dissimul\u00e9s dans deux conteneurs contenant 46 000 Kg de luzerne fourrag\u00e8re import\u00e9s de l\u2019Espagne.<\/div>\n<div dir=\"auto\"><\/div>\n<\/div>\n<p>Auteur: ALM<br \/>\n<a href=\"https:\/\/aujourdhui.ma\/actualite\/douane-saisie-de-6200-kg-de-petards-et-feux-dartifice-importes-sans-declaration\">Cliquez ici pour lire l&rsquo;article depuis sa source.<\/a><\/p>\n","protected":false},"excerpt":{"rendered":"<p>La Direction des douanes du port de Casablanca a annonc\u00e9 vendredi avoir saisi 6200 Kg de p\u00e9tards et feux d\u2019artifice import\u00e9s sans d\u00e9claration. La m\u00eame source a pr\u00e9cis\u00e9 dans un communiqu\u00e9 avoir mis en \u00e9chec jeudi une tentative d\u2019importation de 446 cartons renfermant 814.344 unit\u00e9s de feux d\u2019artifice et de p\u00e9tards d\u2019un poids net global [&hellip;]<\/p>\n","protected":false},"author":1759,"featured_media":0,"comment_status":"closed","ping_status":"closed","sticky":false,"template":"","format":"standard","meta":{"fifu_image_url":"https:\/\/aujourdhui.ma\/wp-content\/uploads\/2021\/08\/petards-300x153.jpg","fifu_image_alt":"Douane : Saisie de 6200 Kg de p\u00e9tards et feux d\u2019artifice import\u00e9s sans d\u00e9claration","footnotes":""},"categories":[73,54],"tags":[],"class_list":["post-126716","post","type-post","status-publish","format-standard","hentry","category-actualite","category-maroc"],"_links":{"self":[{"href":"https:\/\/linitiative.ca\/International\/wp-json\/wp\/v2\/posts\/126716","targetHints":{"allow":["GET"]}}],"collection":[{"href":"https:\/\/linitiative.ca\/International\/wp-json\/wp\/v2\/posts"}],"about":[{"href":"https:\/\/linitiative.ca\/International\/wp-json\/wp\/v2\/types\/post"}],"author":[{"embeddable":true,"href":"https:\/\/linitiative.ca\/International\/wp-json\/wp\/v2\/users\/1759"}],"replies":[{"embeddable":true,"href":"https:\/\/linitiative.ca\/International\/wp-json\/wp\/v2\/comments?post=126716"}],"version-history":[{"count":0,"href":"https:\/\/linitiative.ca\/International\/wp-json\/wp\/v2\/posts\/126716\/revisions"}],"wp:attachment":[{"href":"https:\/\/linitiative.ca\/International\/wp-json\/wp\/v2\/media?parent=126716"}],"wp:term":[{"taxonomy":"category","embeddable":true,"href":"https:\/\/linitiative.ca\/International\/wp-json\/wp\/v2\/categories?post=126716"},{"taxonomy":"post_tag","embeddable":true,"href":"https:\/\/linitiative.ca\/International\/wp-json\/wp\/v2\/tags?post=126716"}],"curies":[{"name":"wp","href":"https:\/\/api.w.org\/{rel}","templated":true}]}}