{"id":126720,"date":"2021-09-11T06:59:50","date_gmt":"2021-09-11T10:59:50","guid":{"rendered":"https:\/\/linitiative.ca\/International\/elections-regionales-2021-le-pam-en-tete\/"},"modified":"2021-09-11T06:59:50","modified_gmt":"2021-09-11T10:59:50","slug":"elections-regionales-2021-le-pam-en-tete","status":"publish","type":"post","link":"https:\/\/linitiative.ca\/International\/elections-regionales-2021-le-pam-en-tete\/","title":{"rendered":"Elections R\u00e9gionales 2021: Le PAM en t\u00eate"},"content":{"rendered":"<div>\n<div style=\"margin-bottom:20px;\"><img loading=\"lazy\" decoding=\"async\" width=\"750\" height=\"430\" src=\"https:\/\/linitiative.ca\/International\/wp-content\/uploads\/sites\/23\/2021\/09\/Vote-copier-1.jpg\" class=\"attachment-post-thumbnail size-post-thumbnail wp-post-image\" alt=\"\" srcset=\"https:\/\/linitiative.ca\/International\/wp-content\/uploads\/sites\/23\/2021\/09\/Vote-copier-1.jpg 750w, http:\/\/www.mapmarrakech.ma\/map\/uploads\/2021\/09\/Vote-copier-1-300x172.jpg 300w\" sizes=\"auto, (max-width: 750px) 100vw, 750px\"><\/div>\n<p>Cette formation politique a remport\u00e9 04 si\u00e8ges sur un total de 14 si\u00e8ges r\u00e9serv\u00e9s \u00e0 cette pr\u00e9fecture au sein du Conseil de la r\u00e9gion Marrakech-Safi, suivie du Rassemblement National des Ind\u00e9pendants (RNI) avec 03 si\u00e8ges, du Parti de l\u2019Istiqlal (PI), du Parti de la Justice et du D\u00e9veloppement (PJD) et du Mouvement Populaire (MP) avec 02 si\u00e8ges chacun et l\u2019Union Constitutionnelle (UC) avec 01 si\u00e8ge.<\/p>\n<p>Au total, 18 listes \u00e9lectorales \u00e9taient en lice au niveau de la pr\u00e9fecture de Marrakech pour l\u2019\u00e9lection des membres du Conseil R\u00e9gional de Marrakech-Safi, dans le cadre des \u00e9lections g\u00e9n\u00e9rales du 08 septembre.<\/p>\n<p>Ces listes se disputaient 14 si\u00e8ges r\u00e9serv\u00e9s \u00e0 la pr\u00e9fecture de Marrakech sur un total de 75 si\u00e8ges que compte le conseil de la r\u00e9gion Marrakech-Safi.<\/p>\n<p>The post <a rel=\"nofollow\" href=\"http:\/\/www.mapmarrakech.ma\/fr\/elections-regionales-2021-le-pam-en-tete\/\">Elections R\u00e9gionales 2021: Le PAM en t\u00eate<\/a> appeared first on <a rel=\"nofollow\" href=\"http:\/\/www.mapmarrakech.ma\/fr\">MapMarrakech<\/a>.<\/p>\n<\/div>\n<p>Auteur: Meriem IGASS<br \/>\n<a href=\"http:\/\/www.mapmarrakech.ma\/fr\/elections-regionales-2021-le-pam-en-tete\/\">Cliquez ici pour lire l&rsquo;article depuis sa source.<\/a><\/p>\n","protected":false},"excerpt":{"rendered":"<p>Cette formation politique a remport\u00e9 04 si\u00e8ges sur un total de 14 si\u00e8ges r\u00e9serv\u00e9s \u00e0 cette pr\u00e9fecture au sein du Conseil de la r\u00e9gion Marrakech-Safi, suivie du Rassemblement National des Ind\u00e9pendants (RNI) avec 03 si\u00e8ges, du Parti de l\u2019Istiqlal (PI), du Parti de la Justice et du D\u00e9veloppement (PJD) et du Mouvement Populaire (MP) avec [&hellip;]<\/p>\n","protected":false},"author":1788,"featured_media":0,"comment_status":"closed","ping_status":"closed","sticky":false,"template":"","format":"standard","meta":{"fifu_image_url":"http:\/\/www.mapmarrakech.ma\/map\/uploads\/2021\/09\/Vote-copier-1.jpg","fifu_image_alt":"Elections R\u00e9gionales 2021: Le PAM en t\u00eate","footnotes":""},"categories":[54,76],"tags":[],"class_list":["post-126720","post","type-post","status-publish","format-standard","hentry","category-maroc","category-regions"],"_links":{"self":[{"href":"https:\/\/linitiative.ca\/International\/wp-json\/wp\/v2\/posts\/126720","targetHints":{"allow":["GET"]}}],"collection":[{"href":"https:\/\/linitiative.ca\/International\/wp-json\/wp\/v2\/posts"}],"about":[{"href":"https:\/\/linitiative.ca\/International\/wp-json\/wp\/v2\/types\/post"}],"author":[{"embeddable":true,"href":"https:\/\/linitiative.ca\/International\/wp-json\/wp\/v2\/users\/1788"}],"replies":[{"embeddable":true,"href":"https:\/\/linitiative.ca\/International\/wp-json\/wp\/v2\/comments?post=126720"}],"version-history":[{"count":0,"href":"https:\/\/linitiative.ca\/International\/wp-json\/wp\/v2\/posts\/126720\/revisions"}],"wp:attachment":[{"href":"https:\/\/linitiative.ca\/International\/wp-json\/wp\/v2\/media?parent=126720"}],"wp:term":[{"taxonomy":"category","embeddable":true,"href":"https:\/\/linitiative.ca\/International\/wp-json\/wp\/v2\/categories?post=126720"},{"taxonomy":"post_tag","embeddable":true,"href":"https:\/\/linitiative.ca\/International\/wp-json\/wp\/v2\/tags?post=126720"}],"curies":[{"name":"wp","href":"https:\/\/api.w.org\/{rel}","templated":true}]}}