{"id":126722,"date":"2021-09-11T07:56:43","date_gmt":"2021-09-11T11:56:43","guid":{"rendered":"https:\/\/linitiative.ca\/International\/communales-2021-le-pam-en-tete-avec-48-sieges\/"},"modified":"2021-09-11T07:56:43","modified_gmt":"2021-09-11T11:56:43","slug":"communales-2021-le-pam-en-tete-avec-48-sieges","status":"publish","type":"post","link":"https:\/\/linitiative.ca\/International\/communales-2021-le-pam-en-tete-avec-48-sieges\/","title":{"rendered":"Communales 2021: Le PAM en t\u00eate avec 48 si\u00e8ges"},"content":{"rendered":"<div>\n<div style=\"margin-bottom:20px;\"><img loading=\"lazy\" decoding=\"async\" width=\"750\" height=\"430\" src=\"https:\/\/linitiative.ca\/International\/wp-content\/uploads\/sites\/23\/2021\/09\/elctions-vote-rak-copier-1.jpg\" class=\"attachment-post-thumbnail size-post-thumbnail wp-post-image\" alt=\"\" srcset=\"https:\/\/linitiative.ca\/International\/wp-content\/uploads\/sites\/23\/2021\/09\/elctions-vote-rak-copier-1.jpg 750w, http:\/\/www.mapmarrakech.ma\/map\/uploads\/2021\/09\/elctions-vote-rak-copier-1-300x172.jpg 300w\" sizes=\"auto, (max-width: 750px) 100vw, 750px\"><\/div>\n<p>Selon des donn\u00e9es des autorit\u00e9s locales, le PAM a remport\u00e9 11 si\u00e8ges sur 37 \u00e0 pourvoir au niveau du conseil de l\u2019arrondissement Marrakech- Medina, suivi par le Rassemblement National des Ind\u00e9pendants (RNI) avec 06 si\u00e8ges, le Parti de l\u2019Istiqlal (PI), le Parti de la Justice et du D\u00e9veloppement (PJD), l\u2019Union Socialiste des Forces Populaires (USFP) avec 04 si\u00e8ges chacun, le Parti du Mouvement D\u00e9mocratique et Social (MDS) avec 03 si\u00e8ges, le Mouvement Populaire (MP) et l\u2019Union Constitutionnelle (UC) avec 02 si\u00e8ges chacun et le Parti de l\u2019Unit\u00e9 et de la D\u00e9mocratie (PUD) avec 01 si\u00e8ge.<\/p>\n<p>Au niveau de l\u2019arrondissement de Sidi Youssef Ben Ali, le PAM a remport\u00e9 08 si\u00e8ges sur 37 que compte le conseil de cet arrondissement avec 4208 voix sur un total de 16.670 voix, suivi des partis du RNI, l\u2019Union Constitutionnelle (UC), avec 05 si\u00e8ges chacun, l\u2019USFP, le PI, le Front des Forces D\u00e9mocratiques (FFD) avec 04 si\u00e8ges chacun, le MP, le parti Al Amal et le Parti de la Justice et du D\u00e9veloppement (PJD) avec 02 si\u00e8ges chacun et le Parti Anahda avec 01 si\u00e8ge.<\/p>\n<p>Le PAM est arriv\u00e9 aussi en t\u00eate des \u00e9lections communales au niveau de la municipalit\u00e9 Mechouar-Kasbah, commune ind\u00e9pendante de la commune urbaine de Marrakech depuis 1992.<\/p>\n<p>Ainsi, cette formation politique a remport\u00e9 08 des 14 si\u00e8ges \u00e0 pourvoir au niveau du conseil communal de Mechouar-Kasbah, suivie du RNI avec 06 si\u00e8ges.<\/p>\n<p>S\u2019agissant de l\u2019arrondissement M\u00e9nara, le PAM et le RNI ont remport\u00e9 10 si\u00e8ges chacun sur un total de 40 si\u00e8ges que compte le conseil de cet arrondissement, suivi du PJD avec 06 si\u00e8ges, le PI et l\u2019UC avec 04 si\u00e8ges chacun, l\u2019USFP, le MP et le Parti Socialiste Unifi\u00e9 (PSU) avec 02 si\u00e8ges chacun.<\/p>\n<p>Concernant l\u2019arrondissement de Guelliz, le PAM a obtenu 06 si\u00e8ges sur 38 que compte le conseil de cet arrondissement, avec quelque 4592 voix, suivi du RNI qui obtenu 6 si\u00e8ges (3861 voix), le PI avec 06 si\u00e8ges (2982 voix), puis l\u2019UC, le Parti Anahda, le PJD avec 04 si\u00e8ges chacun, le FFD avec 03 si\u00e8ges, l\u2019USFP et le Parti du Progr\u00e8s et Socialisme (PPS) avec 02 si\u00e8ges chacun et le PSU avec 01 si\u00e8ge.<\/p>\n<p>S\u2019agissant de l\u2019arrondissement Ennakhil, le PAM a remport\u00e9 05 si\u00e8ges sur 27 \u00e0 pourvoir au niveau du conseil de cet arrondissement, le RNI avec 05 si\u00e8ges, le PI avec 04 si\u00e8ges, l\u2019UC, l\u2019USFP et le MP avec 03 si\u00e8ges chacun, le FFD, le MDS, le PJD et le PPS\u00a0 avec 01 si\u00e8ge chacun<\/p>\n<p>The post <a rel=\"nofollow\" href=\"http:\/\/www.mapmarrakech.ma\/fr\/communales-2021-le-pam-en-tete-avec-48-sieges\/\">Communales 2021: Le PAM en t\u00eate avec 48 si\u00e8ges<\/a> appeared first on <a rel=\"nofollow\" href=\"http:\/\/www.mapmarrakech.ma\/fr\">MapMarrakech<\/a>.<\/p>\n<\/div>\n<p>Auteur: Meriem IGASS<br \/>\n<a href=\"http:\/\/www.mapmarrakech.ma\/fr\/communales-2021-le-pam-en-tete-avec-48-sieges\/\">Cliquez ici pour lire l&rsquo;article depuis sa source.<\/a><\/p>\n","protected":false},"excerpt":{"rendered":"<p>Selon des donn\u00e9es des autorit\u00e9s locales, le PAM a remport\u00e9 11 si\u00e8ges sur 37 \u00e0 pourvoir au niveau du conseil de l\u2019arrondissement Marrakech- Medina, suivi par le Rassemblement National des Ind\u00e9pendants (RNI) avec 06 si\u00e8ges, le Parti de l\u2019Istiqlal (PI), le Parti de la Justice et du D\u00e9veloppement (PJD), l\u2019Union Socialiste des Forces Populaires (USFP) [&hellip;]<\/p>\n","protected":false},"author":1788,"featured_media":0,"comment_status":"closed","ping_status":"closed","sticky":false,"template":"","format":"standard","meta":{"fifu_image_url":"http:\/\/www.mapmarrakech.ma\/map\/uploads\/2021\/09\/elctions-vote-rak-copier-1.jpg","fifu_image_alt":"Communales 2021: Le PAM en t\u00eate avec 48 si\u00e8ges","footnotes":""},"categories":[54,76],"tags":[],"class_list":["post-126722","post","type-post","status-publish","format-standard","hentry","category-maroc","category-regions"],"_links":{"self":[{"href":"https:\/\/linitiative.ca\/International\/wp-json\/wp\/v2\/posts\/126722","targetHints":{"allow":["GET"]}}],"collection":[{"href":"https:\/\/linitiative.ca\/International\/wp-json\/wp\/v2\/posts"}],"about":[{"href":"https:\/\/linitiative.ca\/International\/wp-json\/wp\/v2\/types\/post"}],"author":[{"embeddable":true,"href":"https:\/\/linitiative.ca\/International\/wp-json\/wp\/v2\/users\/1788"}],"replies":[{"embeddable":true,"href":"https:\/\/linitiative.ca\/International\/wp-json\/wp\/v2\/comments?post=126722"}],"version-history":[{"count":0,"href":"https:\/\/linitiative.ca\/International\/wp-json\/wp\/v2\/posts\/126722\/revisions"}],"wp:attachment":[{"href":"https:\/\/linitiative.ca\/International\/wp-json\/wp\/v2\/media?parent=126722"}],"wp:term":[{"taxonomy":"category","embeddable":true,"href":"https:\/\/linitiative.ca\/International\/wp-json\/wp\/v2\/categories?post=126722"},{"taxonomy":"post_tag","embeddable":true,"href":"https:\/\/linitiative.ca\/International\/wp-json\/wp\/v2\/tags?post=126722"}],"curies":[{"name":"wp","href":"https:\/\/api.w.org\/{rel}","templated":true}]}}