{"id":126724,"date":"2021-09-11T08:26:16","date_gmt":"2021-09-11T12:26:16","guid":{"rendered":"https:\/\/linitiative.ca\/International\/regionales-2021-le-pam-le-mp-le-pi-et-le-rni-en-tete\/"},"modified":"2021-09-11T08:26:16","modified_gmt":"2021-09-11T12:26:16","slug":"regionales-2021-le-pam-le-mp-le-pi-et-le-rni-en-tete","status":"publish","type":"post","link":"https:\/\/linitiative.ca\/International\/regionales-2021-le-pam-le-mp-le-pi-et-le-rni-en-tete\/","title":{"rendered":"R\u00e9gionales 2021: Le PAM, le MP, le PI et le RNI en t\u00eate"},"content":{"rendered":"<div>\n<div style=\"margin-bottom:20px;\"><img loading=\"lazy\" decoding=\"async\" width=\"750\" height=\"430\" src=\"https:\/\/linitiative.ca\/International\/wp-content\/uploads\/sites\/23\/2021\/09\/lections-4-copier-2.jpg\" class=\"attachment-post-thumbnail size-post-thumbnail wp-post-image\" alt=\"\" srcset=\"https:\/\/linitiative.ca\/International\/wp-content\/uploads\/sites\/23\/2021\/09\/lections-4-copier-2.jpg 750w, http:\/\/www.mapmarrakech.ma\/map\/uploads\/2021\/09\/\u00e9lections-4-copier-300x172.jpg 300w\" sizes=\"auto, (max-width: 750px) 100vw, 750px\"><\/div>\n<p>Ces quatre formations politiques ont remport\u00e9 02 si\u00e8ges chacun sur 11 si\u00e8ges r\u00e9serv\u00e9s \u00e0 la province au niveau du Conseil r\u00e9gional de Marrakech-Safi, suivi du Parti du Progr\u00e8s et Socialisme (PPS), l\u2019Union Constitutionnelle (UC) et le Mouvement D\u00e9mocratique et Social (MDS) avec 01 si\u00e8ge chacun.<\/p>\n<p>Le taux de participation aux \u00e9lections g\u00e9n\u00e9rales du 08 septembre au niveau de la province de Safi a \u00e9t\u00e9 de 48,65%, rappelle-t-on.<\/p>\n<p>Au total 183.403 \u00e9lecteurs ont particip\u00e9 \u00e0 ce scrutin sur un total de 377.020 \u00e9lecteurs inscrits sur les listes \u00e9lectorales au niveau de la province de Safi.<\/p>\n<p>The post <a rel=\"nofollow\" href=\"http:\/\/www.mapmarrakech.ma\/fr\/regionales-2021-le-pam-le-mp-le-pi-et-le-rni-en-tete\/\">R\u00e9gionales 2021: Le PAM, le MP, le PI et le RNI en t\u00eate<\/a> appeared first on <a rel=\"nofollow\" href=\"http:\/\/www.mapmarrakech.ma\/fr\">MapMarrakech<\/a>.<\/p>\n<\/div>\n<p>Auteur: Meriem IGASS<br \/>\n<a href=\"http:\/\/www.mapmarrakech.ma\/fr\/regionales-2021-le-pam-le-mp-le-pi-et-le-rni-en-tete\/\">Cliquez ici pour lire l&rsquo;article depuis sa source.<\/a><\/p>\n","protected":false},"excerpt":{"rendered":"<p>Ces quatre formations politiques ont remport\u00e9 02 si\u00e8ges chacun sur 11 si\u00e8ges r\u00e9serv\u00e9s \u00e0 la province au niveau du Conseil r\u00e9gional de Marrakech-Safi, suivi du Parti du Progr\u00e8s et Socialisme (PPS), l\u2019Union Constitutionnelle (UC) et le Mouvement D\u00e9mocratique et Social (MDS) avec 01 si\u00e8ge chacun. Le taux de participation aux \u00e9lections g\u00e9n\u00e9rales du 08 septembre [&hellip;]<\/p>\n","protected":false},"author":1788,"featured_media":0,"comment_status":"closed","ping_status":"closed","sticky":false,"template":"","format":"standard","meta":{"fifu_image_url":"http:\/\/www.mapmarrakech.ma\/map\/uploads\/2021\/09\/\u00e9lections-4-copier.jpg","fifu_image_alt":"R\u00e9gionales 2021: Le PAM, le MP, le PI et le RNI en t\u00eate","footnotes":""},"categories":[54,76],"tags":[],"class_list":["post-126724","post","type-post","status-publish","format-standard","hentry","category-maroc","category-regions"],"_links":{"self":[{"href":"https:\/\/linitiative.ca\/International\/wp-json\/wp\/v2\/posts\/126724","targetHints":{"allow":["GET"]}}],"collection":[{"href":"https:\/\/linitiative.ca\/International\/wp-json\/wp\/v2\/posts"}],"about":[{"href":"https:\/\/linitiative.ca\/International\/wp-json\/wp\/v2\/types\/post"}],"author":[{"embeddable":true,"href":"https:\/\/linitiative.ca\/International\/wp-json\/wp\/v2\/users\/1788"}],"replies":[{"embeddable":true,"href":"https:\/\/linitiative.ca\/International\/wp-json\/wp\/v2\/comments?post=126724"}],"version-history":[{"count":0,"href":"https:\/\/linitiative.ca\/International\/wp-json\/wp\/v2\/posts\/126724\/revisions"}],"wp:attachment":[{"href":"https:\/\/linitiative.ca\/International\/wp-json\/wp\/v2\/media?parent=126724"}],"wp:term":[{"taxonomy":"category","embeddable":true,"href":"https:\/\/linitiative.ca\/International\/wp-json\/wp\/v2\/categories?post=126724"},{"taxonomy":"post_tag","embeddable":true,"href":"https:\/\/linitiative.ca\/International\/wp-json\/wp\/v2\/tags?post=126724"}],"curies":[{"name":"wp","href":"https:\/\/api.w.org\/{rel}","templated":true}]}}