{"id":126726,"date":"2021-09-11T12:25:54","date_gmt":"2021-09-11T16:25:54","guid":{"rendered":"https:\/\/linitiative.ca\/International\/communales-2021-le-pi-le-pam-et-le-rni-en-tete\/"},"modified":"2021-09-11T12:25:54","modified_gmt":"2021-09-11T16:25:54","slug":"communales-2021-le-pi-le-pam-et-le-rni-en-tete","status":"publish","type":"post","link":"https:\/\/linitiative.ca\/International\/communales-2021-le-pi-le-pam-et-le-rni-en-tete\/","title":{"rendered":"Communales 2021 : Le PI, le PAM et le RNI en t\u00eate"},"content":{"rendered":"<div>\n<div style=\"margin-bottom:20px;\"><img loading=\"lazy\" decoding=\"async\" width=\"750\" height=\"430\" src=\"https:\/\/linitiative.ca\/International\/wp-content\/uploads\/sites\/23\/2021\/09\/vote-2-copier-1.jpg\" class=\"attachment-post-thumbnail size-post-thumbnail wp-post-image\" alt=\"\" srcset=\"https:\/\/linitiative.ca\/International\/wp-content\/uploads\/sites\/23\/2021\/09\/vote-2-copier-1.jpg 750w, http:\/\/www.mapmarrakech.ma\/map\/uploads\/2021\/09\/vote-2-copier-1-300x172.jpg 300w\" sizes=\"auto, (max-width: 750px) 100vw, 750px\"><\/div>\n<p>Le PI a obtenu 86 si\u00e8ges, suivi du PAM (83 si\u00e8ges), du RNI (61 si\u00e8ges), de l\u2019Union Constitutionnelle (19 si\u00e8ges), du Mouvement Populaire (18 si\u00e8ges), du Parti de la Justice et du D\u00e9veloppement (6 si\u00e8ges) et de l\u2019Union socialiste des Forces Populaires (4 si\u00e8ges), selon les r\u00e9sultats d\u00e9finitifs communiqu\u00e9s par les autorit\u00e9s locales.<\/p>\n<p>Les partis de l\u2019Equit\u00e9, de l\u2019Environnement et du D\u00e9veloppement Durable (PEDD) et du Mouvement D\u00e9mocratique et Social (MDS), le Front des Forces D\u00e9mocratiques (FFD) et l\u2019Alliance de la F\u00e9d\u00e9ration de Gauche (AFG) ont remport\u00e9, quant \u00e0 eux, deux si\u00e8ges chacun.<\/p>\n<p>Le taux de participation aux \u00e9lections g\u00e9n\u00e9rales au niveau de la province s\u2019est \u00e9tabli \u00e0 60,81%, sachant que sur les 132.758 \u00e9lecteurs inscrits sur les listes \u00e9lectorales, 80.738 \u00e9lecteurs ont particip\u00e9 aux \u00e9lections du 8 septembre \u00e0 l\u2019\u00e9chelle provinciale.<\/p>\n<p>The post <a rel=\"nofollow\" href=\"http:\/\/www.mapmarrakech.ma\/fr\/communales-2021-le-pi-le-pam-et-le-rni-en-tete\/\">Communales 2021 : Le PI, le PAM et le RNI en t\u00eate<\/a> appeared first on <a rel=\"nofollow\" href=\"http:\/\/www.mapmarrakech.ma\/fr\">MapMarrakech<\/a>.<\/p>\n<\/div>\n<p>Auteur: Meriem IGASS<br \/>\n<a href=\"http:\/\/www.mapmarrakech.ma\/fr\/communales-2021-le-pi-le-pam-et-le-rni-en-tete\/\">Cliquez ici pour lire l&rsquo;article depuis sa source.<\/a><\/p>\n","protected":false},"excerpt":{"rendered":"<p>Le PI a obtenu 86 si\u00e8ges, suivi du PAM (83 si\u00e8ges), du RNI (61 si\u00e8ges), de l\u2019Union Constitutionnelle (19 si\u00e8ges), du Mouvement Populaire (18 si\u00e8ges), du Parti de la Justice et du D\u00e9veloppement (6 si\u00e8ges) et de l\u2019Union socialiste des Forces Populaires (4 si\u00e8ges), selon les r\u00e9sultats d\u00e9finitifs communiqu\u00e9s par les autorit\u00e9s locales. Les partis [&hellip;]<\/p>\n","protected":false},"author":1788,"featured_media":0,"comment_status":"closed","ping_status":"closed","sticky":false,"template":"","format":"standard","meta":{"fifu_image_url":"http:\/\/www.mapmarrakech.ma\/map\/uploads\/2021\/09\/vote-2-copier-1.jpg","fifu_image_alt":"Communales 2021 : Le PI, le PAM et le RNI en t\u00eate","footnotes":""},"categories":[54,76],"tags":[],"class_list":["post-126726","post","type-post","status-publish","format-standard","hentry","category-maroc","category-regions"],"_links":{"self":[{"href":"https:\/\/linitiative.ca\/International\/wp-json\/wp\/v2\/posts\/126726","targetHints":{"allow":["GET"]}}],"collection":[{"href":"https:\/\/linitiative.ca\/International\/wp-json\/wp\/v2\/posts"}],"about":[{"href":"https:\/\/linitiative.ca\/International\/wp-json\/wp\/v2\/types\/post"}],"author":[{"embeddable":true,"href":"https:\/\/linitiative.ca\/International\/wp-json\/wp\/v2\/users\/1788"}],"replies":[{"embeddable":true,"href":"https:\/\/linitiative.ca\/International\/wp-json\/wp\/v2\/comments?post=126726"}],"version-history":[{"count":0,"href":"https:\/\/linitiative.ca\/International\/wp-json\/wp\/v2\/posts\/126726\/revisions"}],"wp:attachment":[{"href":"https:\/\/linitiative.ca\/International\/wp-json\/wp\/v2\/media?parent=126726"}],"wp:term":[{"taxonomy":"category","embeddable":true,"href":"https:\/\/linitiative.ca\/International\/wp-json\/wp\/v2\/categories?post=126726"},{"taxonomy":"post_tag","embeddable":true,"href":"https:\/\/linitiative.ca\/International\/wp-json\/wp\/v2\/tags?post=126726"}],"curies":[{"name":"wp","href":"https:\/\/api.w.org\/{rel}","templated":true}]}}