{"id":126728,"date":"2021-09-10T17:17:29","date_gmt":"2021-09-10T21:17:29","guid":{"rendered":"https:\/\/linitiative.ca\/International\/biographie-de-aziz-akhannouch-que-sm-le-roi-a-nomme-chef-du-gouvernement\/"},"modified":"2021-09-10T17:17:29","modified_gmt":"2021-09-10T21:17:29","slug":"biographie-de-aziz-akhannouch-que-sm-le-roi-a-nomme-chef-du-gouvernement","status":"publish","type":"post","link":"https:\/\/linitiative.ca\/International\/biographie-de-aziz-akhannouch-que-sm-le-roi-a-nomme-chef-du-gouvernement\/","title":{"rendered":"Biographie de Aziz Akhannouch, que SM le Roi a nomm\u00e9 Chef du gouvernement"},"content":{"rendered":"<div>\n<div style=\"margin-bottom:20px;\"><img loading=\"lazy\" decoding=\"async\" width=\"750\" height=\"430\" src=\"https:\/\/linitiative.ca\/International\/wp-content\/uploads\/sites\/23\/2021\/09\/Aziz-akhannouch-750C397430-MAP.jpg\" class=\"attachment-post-thumbnail size-post-thumbnail wp-post-image\" alt=\"\" srcset=\"https:\/\/linitiative.ca\/International\/wp-content\/uploads\/sites\/23\/2021\/09\/Aziz-akhannouch-750C397430-MAP.jpg 750w, http:\/\/www.mapoujda.ma\/map\/uploads\/2021\/09\/Aziz-akhannouch-750\u00d7430-MAP-300x172.jpg 300w\" sizes=\"auto, (max-width: 750px) 100vw, 750px\"><\/div>\n<p style=\"text-align: justify;\">M. Aziz Akhannouch, pr\u00e9sident du Rassemblement National des Ind\u00e9pendants (RNI), que SM le Roi Mohammed VI, que Dieu L\u2019assiste, a nomm\u00e9 vendredi Chef du gouvernement, est n\u00e9 en 1961 \u00e0 Tafraout.<\/p>\n<p style=\"text-align: justify;\">M. Akhannouch est titulaire d\u2019un dipl\u00f4me en gestion des entreprises de l\u2019universit\u00e9 de Sherbrooke-Canada. Il est fondateur de plusieurs entreprises op\u00e9rant dans divers secteurs \u00e9conomiques.<\/p>\n<p style=\"text-align: justify;\">M. Akhannouch a occup\u00e9 le poste de pr\u00e9sident du conseil r\u00e9gional de Souss-Massa-Draa de 2003 \u00e0 2007.<\/p>\n<p style=\"text-align: justify;\">Il \u00e9tait aussi membre du groupe de r\u00e9flexion aupr\u00e8s de feu SM Hassan II jusqu\u2019en 1999.<\/p>\n<p style=\"text-align: justify;\">M. Akhannouch est membre du Conseil d\u2019administration de la Fondation Mohammed VI pour la Protection de l\u2019Environnement et membre administrateur de la Fondation Mohammed VI pour la r\u00e9insertion des d\u00e9tenus.<\/p>\n<p style=\"text-align: justify;\">Ministre de l\u2019Agriculture et de la P\u00eache maritime depuis 2007, M. Akhannouch a \u00e9t\u00e9 \u00e9lu \u00e0 la majorit\u00e9 pr\u00e9sident du RNI le 29 octobre 2016.<\/p>\n<p style=\"text-align: justify;\">M. Akhannouch est mari\u00e9 et p\u00e8re de trois enfants.<\/p>\n<p>L\u2019article <a rel=\"nofollow\" href=\"http:\/\/www.mapoujda.ma\/fr\/biographie-de-aziz-akhannouch-que-sm-le-roi-a-nomme-chef-du-gouvernement\/\">Biographie de Aziz Akhannouch, que SM le Roi a nomm\u00e9 Chef du gouvernement<\/a> est apparu en premier sur <a rel=\"nofollow\" href=\"http:\/\/www.mapoujda.ma\/fr\">MapOujda<\/a>.<\/p>\n<\/div>\n<p>Auteur: Soufiane ELAHMAR<br \/>\n<a href=\"http:\/\/www.mapoujda.ma\/fr\/biographie-de-aziz-akhannouch-que-sm-le-roi-a-nomme-chef-du-gouvernement\/\">Cliquez ici pour lire l&rsquo;article depuis sa source.<\/a><\/p>\n","protected":false},"excerpt":{"rendered":"<p>M. Aziz Akhannouch, pr\u00e9sident du Rassemblement National des Ind\u00e9pendants (RNI), que SM le Roi Mohammed VI, que Dieu L\u2019assiste, a nomm\u00e9 vendredi Chef du gouvernement, est n\u00e9 en 1961 \u00e0 Tafraout. M. Akhannouch est titulaire d\u2019un dipl\u00f4me en gestion des entreprises de l\u2019universit\u00e9 de Sherbrooke-Canada. Il est fondateur de plusieurs entreprises op\u00e9rant dans divers secteurs [&hellip;]<\/p>\n","protected":false},"author":1788,"featured_media":0,"comment_status":"closed","ping_status":"closed","sticky":false,"template":"","format":"standard","meta":{"fifu_image_url":"http:\/\/www.mapoujda.ma\/map\/uploads\/2021\/09\/Aziz-akhannouch-750\u00d7430-MAP.jpg","fifu_image_alt":"Biographie de Aziz Akhannouch, que SM le Roi a nomm\u00e9 Chef du gouvernement","footnotes":""},"categories":[54,76],"tags":[],"class_list":["post-126728","post","type-post","status-publish","format-standard","hentry","category-maroc","category-regions"],"_links":{"self":[{"href":"https:\/\/linitiative.ca\/International\/wp-json\/wp\/v2\/posts\/126728","targetHints":{"allow":["GET"]}}],"collection":[{"href":"https:\/\/linitiative.ca\/International\/wp-json\/wp\/v2\/posts"}],"about":[{"href":"https:\/\/linitiative.ca\/International\/wp-json\/wp\/v2\/types\/post"}],"author":[{"embeddable":true,"href":"https:\/\/linitiative.ca\/International\/wp-json\/wp\/v2\/users\/1788"}],"replies":[{"embeddable":true,"href":"https:\/\/linitiative.ca\/International\/wp-json\/wp\/v2\/comments?post=126728"}],"version-history":[{"count":0,"href":"https:\/\/linitiative.ca\/International\/wp-json\/wp\/v2\/posts\/126728\/revisions"}],"wp:attachment":[{"href":"https:\/\/linitiative.ca\/International\/wp-json\/wp\/v2\/media?parent=126728"}],"wp:term":[{"taxonomy":"category","embeddable":true,"href":"https:\/\/linitiative.ca\/International\/wp-json\/wp\/v2\/categories?post=126728"},{"taxonomy":"post_tag","embeddable":true,"href":"https:\/\/linitiative.ca\/International\/wp-json\/wp\/v2\/tags?post=126728"}],"curies":[{"name":"wp","href":"https:\/\/api.w.org\/{rel}","templated":true}]}}