{"id":126734,"date":"2021-09-11T06:26:51","date_gmt":"2021-09-11T10:26:51","guid":{"rendered":"https:\/\/linitiative.ca\/International\/fes-le-rni-propulse-a-la-tete-de-la-mairie\/"},"modified":"2021-09-11T06:26:51","modified_gmt":"2021-09-11T10:26:51","slug":"fes-le-rni-propulse-a-la-tete-de-la-mairie","status":"publish","type":"post","link":"https:\/\/linitiative.ca\/International\/fes-le-rni-propulse-a-la-tete-de-la-mairie\/","title":{"rendered":"F\u00e8s: Le RNI propuls\u00e9 \u00e0 la t\u00eate de la mairie"},"content":{"rendered":"<div>\n<div class=\"field field-name-body field-type-text-with-summary field-label-hidden\">\n<div class=\"field-items\">\n<div class=\"field-item even\" property=\"content:encoded\">\n<p class=\"rtejustify\">Enfin un mariage de \u00abraison\u00bb pour \u00e9lire un nouveau maire pour la capitale spirituelle. C\u2019est l\u2019aboutissement d\u2019une longue journ\u00e9e de tractations. R\u00e9unissant le RNI, avec 17 si\u00e8ges, le PI (13 si\u00e8ges), le PAM (12 si\u00e8ges) et l&rsquo;USFP (9 si\u00e8ges), un pacte d\u2019honneur et de coalition, a \u00e9t\u00e9 sign\u00e9, tard dans la soir\u00e9e du vendredi 10 septembre 2021, par les dirigeants de diff\u00e9rents partis. Cette charte d\u2019honneur, dont L\u2019Economiste d\u00e9tient copie, a ainsi mis fin aux sp\u00e9culations et au d\u00e9tournement des voix des grands \u00e9lecteurs.<\/p>\n<\/div>\n<\/div>\n<\/div>\n<\/div>\n<p>Auteur: hgueye<br \/>\n<a href=\"https:\/\/www.leconomiste.com\/flash-infos\/fes-le-rni-propulse-la-tete-de-la-mairie\">Cliquez ici pour lire l&rsquo;article depuis sa source.<\/a><\/p>\n","protected":false},"excerpt":{"rendered":"<p>Enfin un mariage de \u00abraison\u00bb pour \u00e9lire un nouveau maire pour la capitale spirituelle. C\u2019est l\u2019aboutissement d\u2019une longue journ\u00e9e de tractations. R\u00e9unissant le RNI, avec 17 si\u00e8ges, le PI (13 si\u00e8ges), le PAM (12 si\u00e8ges) et l&rsquo;USFP (9 si\u00e8ges), un pacte d\u2019honneur et de coalition, a \u00e9t\u00e9 sign\u00e9, tard dans la soir\u00e9e du vendredi 10 [&hellip;]<\/p>\n","protected":false},"author":1763,"featured_media":0,"comment_status":"closed","ping_status":"closed","sticky":false,"template":"","format":"standard","meta":{"fifu_image_url":"","fifu_image_alt":"","footnotes":""},"categories":[78,54],"tags":[],"class_list":["post-126734","post","type-post","status-publish","format-standard","hentry","category-economie","category-maroc"],"_links":{"self":[{"href":"https:\/\/linitiative.ca\/International\/wp-json\/wp\/v2\/posts\/126734","targetHints":{"allow":["GET"]}}],"collection":[{"href":"https:\/\/linitiative.ca\/International\/wp-json\/wp\/v2\/posts"}],"about":[{"href":"https:\/\/linitiative.ca\/International\/wp-json\/wp\/v2\/types\/post"}],"author":[{"embeddable":true,"href":"https:\/\/linitiative.ca\/International\/wp-json\/wp\/v2\/users\/1763"}],"replies":[{"embeddable":true,"href":"https:\/\/linitiative.ca\/International\/wp-json\/wp\/v2\/comments?post=126734"}],"version-history":[{"count":0,"href":"https:\/\/linitiative.ca\/International\/wp-json\/wp\/v2\/posts\/126734\/revisions"}],"wp:attachment":[{"href":"https:\/\/linitiative.ca\/International\/wp-json\/wp\/v2\/media?parent=126734"}],"wp:term":[{"taxonomy":"category","embeddable":true,"href":"https:\/\/linitiative.ca\/International\/wp-json\/wp\/v2\/categories?post=126734"},{"taxonomy":"post_tag","embeddable":true,"href":"https:\/\/linitiative.ca\/International\/wp-json\/wp\/v2\/tags?post=126734"}],"curies":[{"name":"wp","href":"https:\/\/api.w.org\/{rel}","templated":true}]}}