{"id":126742,"date":"2021-09-11T06:06:20","date_gmt":"2021-09-11T10:06:20","guid":{"rendered":"https:\/\/linitiative.ca\/International\/comparution-de-lex-pdg-de-sonatrach-au-tribunal-de-sidi-mhamed\/"},"modified":"2021-09-11T06:06:20","modified_gmt":"2021-09-11T10:06:20","slug":"comparution-de-lex-pdg-de-sonatrach-au-tribunal-de-sidi-mhamed","status":"publish","type":"post","link":"https:\/\/linitiative.ca\/International\/comparution-de-lex-pdg-de-sonatrach-au-tribunal-de-sidi-mhamed\/","title":{"rendered":"Comparution de l\u2019ex-PDG de Sonatrach au tribunal de Sidi M\u2019hamed"},"content":{"rendered":"<div>\n<div class=\"sriret\"><img decoding=\"async\" src=\"https:\/\/linitiative.ca\/International\/wp-content\/uploads\/sites\/23\/2021\/09\/default-picture-709x366_c-25.jpg\"><\/div>\n<p class=\"p4\"><span class=\"s2\"><b>L<\/b><\/span><span class=\"s3\">\u2019ancien pr\u00e9sident-directeur g\u00e9n\u00e9ral (PDG) de Sonatrach, Abdelmoumen Ould Kaddour, a comparu jeudi devant le juge d\u2019instruction de la 4<sup>e<\/sup> chambre du p\u00f4le p\u00e9nal \u00e9conomique et financier pr\u00e8s le tribunal de Sidi M\u2019hamed (Alger), au sujet de l\u2019affaire de la raffinerie d\u2019Augusta, rapporte l\u2019APS qui cite une source judiciaire. <\/span><b> <\/b><\/p>\n<p>L\u2019article <a rel=\"nofollow\" href=\"https:\/\/www.elwatan.com\/edition\/actualite\/comparution-de-lex-pdg-de-sonatrach-au-tribunal-de-sidi-mhamed-11-09-2021\">Comparution de l\u2019ex-PDG de Sonatrach au tribunal de Sidi M\u2019hamed<\/a> est apparu en premier sur <a rel=\"nofollow\" href=\"https:\/\/www.elwatan.com\/\">El Watan<\/a>.<\/p>\n<\/div>\n<p>Auteur: Anis Khecheba<br \/>\n<a href=\"https:\/\/www.elwatan.com\/edition\/actualite\/comparution-de-lex-pdg-de-sonatrach-au-tribunal-de-sidi-mhamed-11-09-2021\">Cliquez ici pour lire l&rsquo;article depuis sa source.<\/a><\/p>\n","protected":false},"excerpt":{"rendered":"<p>L\u2019ancien pr\u00e9sident-directeur g\u00e9n\u00e9ral (PDG) de Sonatrach, Abdelmoumen Ould Kaddour, a comparu jeudi devant le juge d\u2019instruction de la 4e chambre du p\u00f4le p\u00e9nal \u00e9conomique et financier pr\u00e8s le tribunal de Sidi M\u2019hamed (Alger), au sujet de l\u2019affaire de la raffinerie d\u2019Augusta, rapporte l\u2019APS qui cite une source judiciaire. L\u2019article Comparution de l\u2019ex-PDG de Sonatrach au [&hellip;]<\/p>\n","protected":false},"author":1743,"featured_media":0,"comment_status":"closed","ping_status":"closed","sticky":false,"template":"","format":"standard","meta":{"fifu_image_url":"https:\/\/www.elwatan.com\/wp-content\/themes\/spectr\/img\/default-picture-709x366_c.jpg","fifu_image_alt":"Comparution de l\u2019ex-PDG de Sonatrach au tribunal de Sidi M\u2019hamed","footnotes":""},"categories":[73,53],"tags":[],"class_list":["post-126742","post","type-post","status-publish","format-standard","hentry","category-actualite","category-algerie"],"_links":{"self":[{"href":"https:\/\/linitiative.ca\/International\/wp-json\/wp\/v2\/posts\/126742","targetHints":{"allow":["GET"]}}],"collection":[{"href":"https:\/\/linitiative.ca\/International\/wp-json\/wp\/v2\/posts"}],"about":[{"href":"https:\/\/linitiative.ca\/International\/wp-json\/wp\/v2\/types\/post"}],"author":[{"embeddable":true,"href":"https:\/\/linitiative.ca\/International\/wp-json\/wp\/v2\/users\/1743"}],"replies":[{"embeddable":true,"href":"https:\/\/linitiative.ca\/International\/wp-json\/wp\/v2\/comments?post=126742"}],"version-history":[{"count":0,"href":"https:\/\/linitiative.ca\/International\/wp-json\/wp\/v2\/posts\/126742\/revisions"}],"wp:attachment":[{"href":"https:\/\/linitiative.ca\/International\/wp-json\/wp\/v2\/media?parent=126742"}],"wp:term":[{"taxonomy":"category","embeddable":true,"href":"https:\/\/linitiative.ca\/International\/wp-json\/wp\/v2\/categories?post=126742"},{"taxonomy":"post_tag","embeddable":true,"href":"https:\/\/linitiative.ca\/International\/wp-json\/wp\/v2\/tags?post=126742"}],"curies":[{"name":"wp","href":"https:\/\/api.w.org\/{rel}","templated":true}]}}