{"id":126744,"date":"2021-09-11T06:07:58","date_gmt":"2021-09-11T10:07:58","guid":{"rendered":"https:\/\/linitiative.ca\/International\/plus-aucune-distinction-ne-sera-faite-entre-les-athletes-algeriens\/"},"modified":"2021-09-11T06:07:58","modified_gmt":"2021-09-11T10:07:58","slug":"plus-aucune-distinction-ne-sera-faite-entre-les-athletes-algeriens","status":"publish","type":"post","link":"https:\/\/linitiative.ca\/International\/plus-aucune-distinction-ne-sera-faite-entre-les-athletes-algeriens\/","title":{"rendered":"\u00abPlus aucune distinction ne sera faite entre les athl\u00e8tes alg\u00e9riens\u00bb"},"content":{"rendered":"<div>\n<div class=\"sriret\"><img decoding=\"async\" src=\"https:\/\/linitiative.ca\/International\/wp-content\/uploads\/sites\/23\/2021\/09\/default-picture-709x366_c-26.jpg\"><\/div>\n<p class=\"p4\"><span class=\"s2\"><b>L<\/b><\/span><span class=\"s2\">e pr\u00e9sident de la R\u00e9publique, Abdelmadjid Tebboune, a affirm\u00e9, jeudi \u00e0 Alger, avoir donn\u00e9 des instructions pour une meilleure prise en charge des athl\u00e8tes aux besoins sp\u00e9cifiques, ajoutant que <i>\u00abplus aucune distinction ne sera faite entre les athl\u00e8tes alg\u00e9riens\u00bb<\/i>.<\/span><\/p>\n<p class=\"p4\"><span class=\"s2\">S\u2019exprimant lors d\u2019un d\u00e9jeuner offert au Palais du peuple (Alger) en l\u2019honneur des membres de la d\u00e9l\u00e9gation sportive ayant particip\u00e9 aux Jeux paralympiques de Tokyo, M.\u00a0Tebboune, cit\u00e9 par l\u2019APS, a pr\u00e9cis\u00e9 que <i>\u00able prochain objectif \u00e0 atteindre pour les athl\u00e8tes alg\u00e9riens consiste en les Jeux m\u00e9diterran\u00e9ens, dont les \u00e9preuves handisports de 2022 \u00e0 Oran, ainsi que les Jeux olympiques et paralympiques de 2024 \u00e0 Paris\u00bb<\/i>, soulignant que le minist\u00e8re de la Jeunesse et des Sports \u00e9tait mobilis\u00e9 pour la r\u00e9alisation de cet objectif et qu\u2019<i>\u00abaucune distinction ne sera d\u00e9sormais faite entre les athl\u00e8tes alg\u00e9riens.<\/i><\/span><\/p>\n<p>L\u2019article <a rel=\"nofollow\" href=\"https:\/\/www.elwatan.com\/edition\/actualite\/plus-aucune-distinction-ne-sera-faite-entre-les-athletes-algeriens-11-09-2021\">\u00abPlus aucune distinction ne sera faite entre les athl\u00e8tes alg\u00e9riens\u00bb<\/a> est apparu en premier sur <a rel=\"nofollow\" href=\"https:\/\/www.elwatan.com\/\">El Watan<\/a>.<\/p>\n<\/div>\n<p>Auteur: Anis Khecheba<br \/>\n<a href=\"https:\/\/www.elwatan.com\/edition\/actualite\/plus-aucune-distinction-ne-sera-faite-entre-les-athletes-algeriens-11-09-2021\">Cliquez ici pour lire l&rsquo;article depuis sa source.<\/a><\/p>\n","protected":false},"excerpt":{"rendered":"<p>Le pr\u00e9sident de la R\u00e9publique, Abdelmadjid Tebboune, a affirm\u00e9, jeudi \u00e0 Alger, avoir donn\u00e9 des instructions pour une meilleure prise en charge des athl\u00e8tes aux besoins sp\u00e9cifiques, ajoutant que \u00abplus aucune distinction ne sera faite entre les athl\u00e8tes alg\u00e9riens\u00bb. S\u2019exprimant lors d\u2019un d\u00e9jeuner offert au Palais du peuple (Alger) en l\u2019honneur des membres de la [&hellip;]<\/p>\n","protected":false},"author":1743,"featured_media":0,"comment_status":"closed","ping_status":"closed","sticky":false,"template":"","format":"standard","meta":{"fifu_image_url":"https:\/\/www.elwatan.com\/wp-content\/themes\/spectr\/img\/default-picture-709x366_c.jpg","fifu_image_alt":"\u00abPlus aucune distinction ne sera faite entre les athl\u00e8tes alg\u00e9riens\u00bb","footnotes":""},"categories":[73,53],"tags":[],"class_list":["post-126744","post","type-post","status-publish","format-standard","hentry","category-actualite","category-algerie"],"_links":{"self":[{"href":"https:\/\/linitiative.ca\/International\/wp-json\/wp\/v2\/posts\/126744","targetHints":{"allow":["GET"]}}],"collection":[{"href":"https:\/\/linitiative.ca\/International\/wp-json\/wp\/v2\/posts"}],"about":[{"href":"https:\/\/linitiative.ca\/International\/wp-json\/wp\/v2\/types\/post"}],"author":[{"embeddable":true,"href":"https:\/\/linitiative.ca\/International\/wp-json\/wp\/v2\/users\/1743"}],"replies":[{"embeddable":true,"href":"https:\/\/linitiative.ca\/International\/wp-json\/wp\/v2\/comments?post=126744"}],"version-history":[{"count":0,"href":"https:\/\/linitiative.ca\/International\/wp-json\/wp\/v2\/posts\/126744\/revisions"}],"wp:attachment":[{"href":"https:\/\/linitiative.ca\/International\/wp-json\/wp\/v2\/media?parent=126744"}],"wp:term":[{"taxonomy":"category","embeddable":true,"href":"https:\/\/linitiative.ca\/International\/wp-json\/wp\/v2\/categories?post=126744"},{"taxonomy":"post_tag","embeddable":true,"href":"https:\/\/linitiative.ca\/International\/wp-json\/wp\/v2\/tags?post=126744"}],"curies":[{"name":"wp","href":"https:\/\/api.w.org\/{rel}","templated":true}]}}