{"id":126746,"date":"2021-09-11T06:08:55","date_gmt":"2021-09-11T10:08:55","guid":{"rendered":"https:\/\/linitiative.ca\/International\/justice-mouvement-partiel-dans-le-corps-de-la-magistrature\/"},"modified":"2021-09-11T06:08:55","modified_gmt":"2021-09-11T10:08:55","slug":"justice-mouvement-partiel-dans-le-corps-de-la-magistrature","status":"publish","type":"post","link":"https:\/\/linitiative.ca\/International\/justice-mouvement-partiel-dans-le-corps-de-la-magistrature\/","title":{"rendered":"Justice : Mouvement partiel dans le corps de la magistrature"},"content":{"rendered":"<div>\n<div class=\"sriret\"><img decoding=\"async\" src=\"https:\/\/linitiative.ca\/International\/wp-content\/uploads\/sites\/23\/2021\/09\/default-picture-709x366_c-27.jpg\"><\/div>\n<p class=\"p2\"><span class=\"s4\"><b>Le pr\u00e9sident Tebboune a proc\u00e9d\u00e9 \u00e0 un mouvement partiel dans le corps des pr\u00e9sidents et procureurs g\u00e9n\u00e9raux pr\u00e8s les cours de justice et des pr\u00e9sidents et commissaires d\u2019Etat pr\u00e8s les tribunaux administratifs, a annonc\u00e9, avant-hier, le minist\u00e8re de la Justice. <\/b><\/span><\/p>\n<p>L\u2019article <a rel=\"nofollow\" href=\"https:\/\/www.elwatan.com\/edition\/actualite\/justice-mouvement-partiel-dans-le-corps-de-la-magistrature-11-09-2021\">Justice : Mouvement partiel dans le corps de la magistrature<\/a> est apparu en premier sur <a rel=\"nofollow\" href=\"https:\/\/www.elwatan.com\/\">El Watan<\/a>.<\/p>\n<\/div>\n<p>Auteur: Anis Khecheba<br \/>\n<a href=\"https:\/\/www.elwatan.com\/edition\/actualite\/justice-mouvement-partiel-dans-le-corps-de-la-magistrature-11-09-2021\">Cliquez ici pour lire l&rsquo;article depuis sa source.<\/a><\/p>\n","protected":false},"excerpt":{"rendered":"<p>Le pr\u00e9sident Tebboune a proc\u00e9d\u00e9 \u00e0 un mouvement partiel dans le corps des pr\u00e9sidents et procureurs g\u00e9n\u00e9raux pr\u00e8s les cours de justice et des pr\u00e9sidents et commissaires d\u2019Etat pr\u00e8s les tribunaux administratifs, a annonc\u00e9, avant-hier, le minist\u00e8re de la Justice. L\u2019article Justice : Mouvement partiel dans le corps de la magistrature est apparu en premier [&hellip;]<\/p>\n","protected":false},"author":1743,"featured_media":0,"comment_status":"closed","ping_status":"closed","sticky":false,"template":"","format":"standard","meta":{"fifu_image_url":"https:\/\/www.elwatan.com\/wp-content\/themes\/spectr\/img\/default-picture-709x366_c.jpg","fifu_image_alt":"Justice : Mouvement partiel dans le corps de la magistrature","footnotes":""},"categories":[73,53],"tags":[],"class_list":["post-126746","post","type-post","status-publish","format-standard","hentry","category-actualite","category-algerie"],"_links":{"self":[{"href":"https:\/\/linitiative.ca\/International\/wp-json\/wp\/v2\/posts\/126746","targetHints":{"allow":["GET"]}}],"collection":[{"href":"https:\/\/linitiative.ca\/International\/wp-json\/wp\/v2\/posts"}],"about":[{"href":"https:\/\/linitiative.ca\/International\/wp-json\/wp\/v2\/types\/post"}],"author":[{"embeddable":true,"href":"https:\/\/linitiative.ca\/International\/wp-json\/wp\/v2\/users\/1743"}],"replies":[{"embeddable":true,"href":"https:\/\/linitiative.ca\/International\/wp-json\/wp\/v2\/comments?post=126746"}],"version-history":[{"count":0,"href":"https:\/\/linitiative.ca\/International\/wp-json\/wp\/v2\/posts\/126746\/revisions"}],"wp:attachment":[{"href":"https:\/\/linitiative.ca\/International\/wp-json\/wp\/v2\/media?parent=126746"}],"wp:term":[{"taxonomy":"category","embeddable":true,"href":"https:\/\/linitiative.ca\/International\/wp-json\/wp\/v2\/categories?post=126746"},{"taxonomy":"post_tag","embeddable":true,"href":"https:\/\/linitiative.ca\/International\/wp-json\/wp\/v2\/tags?post=126746"}],"curies":[{"name":"wp","href":"https:\/\/api.w.org\/{rel}","templated":true}]}}