{"id":126748,"date":"2021-09-11T06:09:47","date_gmt":"2021-09-11T10:09:47","guid":{"rendered":"https:\/\/linitiative.ca\/International\/tabi-propose-la-promotion-de-plus-de-2000-magistrats\/"},"modified":"2021-09-11T06:09:47","modified_gmt":"2021-09-11T10:09:47","slug":"tabi-propose-la-promotion-de-plus-de-2000-magistrats","status":"publish","type":"post","link":"https:\/\/linitiative.ca\/International\/tabi-propose-la-promotion-de-plus-de-2000-magistrats\/","title":{"rendered":"Tabi propose la promotion de plus de 2000 magistrats"},"content":{"rendered":"<div>\n<div class=\"sriret\"><img decoding=\"async\" src=\"https:\/\/linitiative.ca\/International\/wp-content\/uploads\/sites\/23\/2021\/09\/default-picture-709x366_c-28.jpg\"><\/div>\n<p class=\"p4\"><span class=\"s2\"><b>Pour le ministre de la Justice, ce nombre refl\u00e8te \u00e9galement<i> \u00ables efforts que consentent les magistrats dans le domaine dans le cadre de la formation, davantage d\u2019autonomisation et le suivi par beaucoup de ces magistrats du choix de multiplier l\u2019efficacit\u00e9 autonome, comme une preuve d\u2019un comportement louable\u00bb<\/i>.<\/b><\/span><\/p>\n<p class=\"p4\"><span class=\"s2\"><b>L<\/b><\/span><span class=\"s2\">e ministre de la Justice, Abderrachid Tabi, a annonc\u00e9, avant-hier \u00e0 Alger, que le projet du mouvement annuel des magistrats touchera 2147 magistrats. Le ministre s\u2019exprimait lors de sa pr\u00e9sidence des travaux de la 2<sup>e<\/sup> session ordinaire du Conseil sup\u00e9rieur de la magistrature (CSM) pour l\u2019exercice 2021. M.\u00a0Tabi a propos\u00e9 aux membres du CSM \u00ab<i>la titularisation de deux magistrats parmi ceux ayant accompli les conditions de qualification requises, la r\u00e9gularisation de la situation administrative de 114 magistrats, ainsi que la promotion du total de 2147 magistrats qui r\u00e9unissent les crit\u00e8res adopt\u00e9s par le Conseil et les lois en vigueur en la mati\u00e8re<\/i>\u00bb.<\/span><\/p>\n<p>L\u2019article <a rel=\"nofollow\" href=\"https:\/\/www.elwatan.com\/edition\/actualite\/tabi-propose-la-promotion-de-plus-de-2000-magistrats-11-09-2021\">Tabi propose la promotion de plus de 2000 magistrats<\/a> est apparu en premier sur <a rel=\"nofollow\" href=\"https:\/\/www.elwatan.com\/\">El Watan<\/a>.<\/p>\n<\/div>\n<p>Auteur: Anis Khecheba<br \/>\n<a href=\"https:\/\/www.elwatan.com\/edition\/actualite\/tabi-propose-la-promotion-de-plus-de-2000-magistrats-11-09-2021\">Cliquez ici pour lire l&rsquo;article depuis sa source.<\/a><\/p>\n","protected":false},"excerpt":{"rendered":"<p>Pour le ministre de la Justice, ce nombre refl\u00e8te \u00e9galement \u00ables efforts que consentent les magistrats dans le domaine dans le cadre de la formation, davantage d\u2019autonomisation et le suivi par beaucoup de ces magistrats du choix de multiplier l\u2019efficacit\u00e9 autonome, comme une preuve d\u2019un comportement louable\u00bb. Le ministre de la Justice, Abderrachid Tabi, a [&hellip;]<\/p>\n","protected":false},"author":1743,"featured_media":0,"comment_status":"closed","ping_status":"closed","sticky":false,"template":"","format":"standard","meta":{"fifu_image_url":"https:\/\/www.elwatan.com\/wp-content\/themes\/spectr\/img\/default-picture-709x366_c.jpg","fifu_image_alt":"Tabi propose la promotion de plus de 2000 magistrats","footnotes":""},"categories":[73,53],"tags":[],"class_list":["post-126748","post","type-post","status-publish","format-standard","hentry","category-actualite","category-algerie"],"_links":{"self":[{"href":"https:\/\/linitiative.ca\/International\/wp-json\/wp\/v2\/posts\/126748","targetHints":{"allow":["GET"]}}],"collection":[{"href":"https:\/\/linitiative.ca\/International\/wp-json\/wp\/v2\/posts"}],"about":[{"href":"https:\/\/linitiative.ca\/International\/wp-json\/wp\/v2\/types\/post"}],"author":[{"embeddable":true,"href":"https:\/\/linitiative.ca\/International\/wp-json\/wp\/v2\/users\/1743"}],"replies":[{"embeddable":true,"href":"https:\/\/linitiative.ca\/International\/wp-json\/wp\/v2\/comments?post=126748"}],"version-history":[{"count":0,"href":"https:\/\/linitiative.ca\/International\/wp-json\/wp\/v2\/posts\/126748\/revisions"}],"wp:attachment":[{"href":"https:\/\/linitiative.ca\/International\/wp-json\/wp\/v2\/media?parent=126748"}],"wp:term":[{"taxonomy":"category","embeddable":true,"href":"https:\/\/linitiative.ca\/International\/wp-json\/wp\/v2\/categories?post=126748"},{"taxonomy":"post_tag","embeddable":true,"href":"https:\/\/linitiative.ca\/International\/wp-json\/wp\/v2\/tags?post=126748"}],"curies":[{"name":"wp","href":"https:\/\/api.w.org\/{rel}","templated":true}]}}