{"id":126750,"date":"2021-09-11T06:10:15","date_gmt":"2021-09-11T10:10:15","guid":{"rendered":"https:\/\/linitiative.ca\/International\/le-fln-au-centre-denjeux-politiques\/"},"modified":"2021-09-11T06:10:15","modified_gmt":"2021-09-11T10:10:15","slug":"le-fln-au-centre-denjeux-politiques","status":"publish","type":"post","link":"https:\/\/linitiative.ca\/International\/le-fln-au-centre-denjeux-politiques\/","title":{"rendered":"Le FLN au centre d\u2019enjeux politiques"},"content":{"rendered":"<div>\n<div class=\"sriret\"><img decoding=\"async\" src=\"https:\/\/linitiative.ca\/International\/wp-content\/uploads\/sites\/23\/2021\/09\/default-picture-709x366_c-29.jpg\"><\/div>\n<p class=\"p4\"><span class=\"s3\"><b>La r\u00e9union extraordinaire du comit\u00e9 central, convoqu\u00e9e par les contestataires de l\u2019actuelle direction de l\u2019ex-parti unique, s\u2019est transform\u00e9e en une bagarre g\u00e9n\u00e9rale o\u00f9 tous les coups \u00e9taient permis.<\/b><\/span><\/p>\n<p class=\"p4\"><span class=\"s3\"><b>L<\/b><\/span><span class=\"s3\">e si\u00e8ge national du Parti du Front de lib\u00e9ration nationale (PFLN) a \u00e9t\u00e9, jeudi dernier, le th\u00e9\u00e2tre de nouvelles sc\u00e8nes de violence, opposant partisans et adversaires de l\u2019actuel secr\u00e9taire g\u00e9n\u00e9ral, Abou El Fadhel Baadji. En effet, la r\u00e9union extraordinaire du comit\u00e9 central, convoqu\u00e9e par les contestataires de l\u2019actuelle direction de l\u2019ex-parti unique, s\u2019est transform\u00e9e en une bagarre g\u00e9n\u00e9rale, o\u00f9 tous les coups \u00e9taient permis. Les vid\u00e9os, post\u00e9es sur les r\u00e9seaux et qui ont suscit\u00e9 une avalanche de commentaires, rappellent des sc\u00e8nes similaires qui se sont d\u00e9j\u00e0 produites, par le pass\u00e9, \u00e0 l\u2019occasion de diverses luttes de succession \u00e0 la t\u00eate de cette formation politique.<\/span><\/p>\n<p>L\u2019article <a rel=\"nofollow\" href=\"https:\/\/www.elwatan.com\/edition\/actualite\/le-fln-au-centre-denjeux-politiques-11-09-2021\">Le FLN au centre d\u2019enjeux politiques<\/a> est apparu en premier sur <a rel=\"nofollow\" href=\"https:\/\/www.elwatan.com\/\">El Watan<\/a>.<\/p>\n<\/div>\n<p>Auteur: Anis Khecheba<br \/>\n<a href=\"https:\/\/www.elwatan.com\/edition\/actualite\/le-fln-au-centre-denjeux-politiques-11-09-2021\">Cliquez ici pour lire l&rsquo;article depuis sa source.<\/a><\/p>\n","protected":false},"excerpt":{"rendered":"<p>La r\u00e9union extraordinaire du comit\u00e9 central, convoqu\u00e9e par les contestataires de l\u2019actuelle direction de l\u2019ex-parti unique, s\u2019est transform\u00e9e en une bagarre g\u00e9n\u00e9rale o\u00f9 tous les coups \u00e9taient permis. Le si\u00e8ge national du Parti du Front de lib\u00e9ration nationale (PFLN) a \u00e9t\u00e9, jeudi dernier, le th\u00e9\u00e2tre de nouvelles sc\u00e8nes de violence, opposant partisans et adversaires de [&hellip;]<\/p>\n","protected":false},"author":1743,"featured_media":0,"comment_status":"closed","ping_status":"closed","sticky":false,"template":"","format":"standard","meta":{"fifu_image_url":"https:\/\/www.elwatan.com\/wp-content\/themes\/spectr\/img\/default-picture-709x366_c.jpg","fifu_image_alt":"Le FLN au centre d\u2019enjeux politiques","footnotes":""},"categories":[73,53],"tags":[],"class_list":["post-126750","post","type-post","status-publish","format-standard","hentry","category-actualite","category-algerie"],"_links":{"self":[{"href":"https:\/\/linitiative.ca\/International\/wp-json\/wp\/v2\/posts\/126750","targetHints":{"allow":["GET"]}}],"collection":[{"href":"https:\/\/linitiative.ca\/International\/wp-json\/wp\/v2\/posts"}],"about":[{"href":"https:\/\/linitiative.ca\/International\/wp-json\/wp\/v2\/types\/post"}],"author":[{"embeddable":true,"href":"https:\/\/linitiative.ca\/International\/wp-json\/wp\/v2\/users\/1743"}],"replies":[{"embeddable":true,"href":"https:\/\/linitiative.ca\/International\/wp-json\/wp\/v2\/comments?post=126750"}],"version-history":[{"count":0,"href":"https:\/\/linitiative.ca\/International\/wp-json\/wp\/v2\/posts\/126750\/revisions"}],"wp:attachment":[{"href":"https:\/\/linitiative.ca\/International\/wp-json\/wp\/v2\/media?parent=126750"}],"wp:term":[{"taxonomy":"category","embeddable":true,"href":"https:\/\/linitiative.ca\/International\/wp-json\/wp\/v2\/categories?post=126750"},{"taxonomy":"post_tag","embeddable":true,"href":"https:\/\/linitiative.ca\/International\/wp-json\/wp\/v2\/tags?post=126750"}],"curies":[{"name":"wp","href":"https:\/\/api.w.org\/{rel}","templated":true}]}}