{"id":126756,"date":"2021-09-11T06:00:00","date_gmt":"2021-09-11T10:00:00","guid":{"rendered":"https:\/\/linitiative.ca\/International\/realme-8-une-entree-de-gamme-satisfaisante\/"},"modified":"2021-09-11T06:00:00","modified_gmt":"2021-09-11T10:00:00","slug":"realme-8-une-entree-de-gamme-satisfaisante","status":"publish","type":"post","link":"https:\/\/linitiative.ca\/International\/realme-8-une-entree-de-gamme-satisfaisante\/","title":{"rendered":"Realme 8 : une entr\u00e9e de gamme satisfaisante"},"content":{"rendered":"<div>Il aura fallu attendre plusieurs semaines pour voir arriver le Realme 8, d\u00e9voil\u00e9 par son constructeur le 24 mars 2021, il est commercialis\u00e9 en Alg\u00e9rie au prix de 43 900 DA. Ce smartphone est plus abordable au<\/div>\n<p>Auteur:<br \/>\n<a href=\"https:\/\/www.lesoirdalgerie.com\/mobiles\/realme-8-une-entree-de-gamme-satisfaisante-67253\">Cliquez ici pour lire l&rsquo;article depuis sa source.<\/a><\/p>\n","protected":false},"excerpt":{"rendered":"<p>Il aura fallu attendre plusieurs semaines pour voir arriver le Realme 8, d\u00e9voil\u00e9 par son constructeur le 24 mars 2021, il est commercialis\u00e9 en Alg\u00e9rie au prix de 43 900 DA. Ce smartphone est plus abordable au Auteur: Cliquez ici pour lire l&rsquo;article depuis sa source.<\/p>\n","protected":false},"author":1741,"featured_media":0,"comment_status":"closed","ping_status":"closed","sticky":false,"template":"","format":"standard","meta":{"fifu_image_url":"","fifu_image_alt":"","footnotes":""},"categories":[73,53],"tags":[],"class_list":["post-126756","post","type-post","status-publish","format-standard","hentry","category-actualite","category-algerie"],"_links":{"self":[{"href":"https:\/\/linitiative.ca\/International\/wp-json\/wp\/v2\/posts\/126756","targetHints":{"allow":["GET"]}}],"collection":[{"href":"https:\/\/linitiative.ca\/International\/wp-json\/wp\/v2\/posts"}],"about":[{"href":"https:\/\/linitiative.ca\/International\/wp-json\/wp\/v2\/types\/post"}],"author":[{"embeddable":true,"href":"https:\/\/linitiative.ca\/International\/wp-json\/wp\/v2\/users\/1741"}],"replies":[{"embeddable":true,"href":"https:\/\/linitiative.ca\/International\/wp-json\/wp\/v2\/comments?post=126756"}],"version-history":[{"count":0,"href":"https:\/\/linitiative.ca\/International\/wp-json\/wp\/v2\/posts\/126756\/revisions"}],"wp:attachment":[{"href":"https:\/\/linitiative.ca\/International\/wp-json\/wp\/v2\/media?parent=126756"}],"wp:term":[{"taxonomy":"category","embeddable":true,"href":"https:\/\/linitiative.ca\/International\/wp-json\/wp\/v2\/categories?post=126756"},{"taxonomy":"post_tag","embeddable":true,"href":"https:\/\/linitiative.ca\/International\/wp-json\/wp\/v2\/tags?post=126756"}],"curies":[{"name":"wp","href":"https:\/\/api.w.org\/{rel}","templated":true}]}}