{"id":126757,"date":"2021-09-11T06:00:00","date_gmt":"2021-09-11T10:00:00","guid":{"rendered":"https:\/\/linitiative.ca\/International\/carnet-de-vaccination-obligatoire\/"},"modified":"2021-09-11T06:00:00","modified_gmt":"2021-09-11T10:00:00","slug":"carnet-de-vaccination-obligatoire","status":"publish","type":"post","link":"https:\/\/linitiative.ca\/International\/carnet-de-vaccination-obligatoire\/","title":{"rendered":"Carnet de vaccination obligatoire"},"content":{"rendered":"<div>Les \u00e9tudiants devant pr\u00e9tendre \u00e0 une chambre universitaire vont devoir pr\u00e9senter un carnet de vaccination, le jour des inscriptions. La direction g\u00e9n\u00e9rale des \u0153uvres universitaires estime que c&rsquo;est le seul moyen<\/div>\n<p>Auteur:<br \/>\n<a href=\"https:\/\/www.lesoirdalgerie.com\/periscoop\/carnet-de-vaccination-obligatoire-67252\">Cliquez ici pour lire l&rsquo;article depuis sa source.<\/a><\/p>\n","protected":false},"excerpt":{"rendered":"<p>Les \u00e9tudiants devant pr\u00e9tendre \u00e0 une chambre universitaire vont devoir pr\u00e9senter un carnet de vaccination, le jour des inscriptions. La direction g\u00e9n\u00e9rale des \u0153uvres universitaires estime que c&rsquo;est le seul moyen Auteur: Cliquez ici pour lire l&rsquo;article depuis sa source.<\/p>\n","protected":false},"author":1741,"featured_media":0,"comment_status":"closed","ping_status":"closed","sticky":false,"template":"","format":"standard","meta":{"fifu_image_url":"","fifu_image_alt":"","footnotes":""},"categories":[73,53],"tags":[],"class_list":["post-126757","post","type-post","status-publish","format-standard","hentry","category-actualite","category-algerie"],"_links":{"self":[{"href":"https:\/\/linitiative.ca\/International\/wp-json\/wp\/v2\/posts\/126757","targetHints":{"allow":["GET"]}}],"collection":[{"href":"https:\/\/linitiative.ca\/International\/wp-json\/wp\/v2\/posts"}],"about":[{"href":"https:\/\/linitiative.ca\/International\/wp-json\/wp\/v2\/types\/post"}],"author":[{"embeddable":true,"href":"https:\/\/linitiative.ca\/International\/wp-json\/wp\/v2\/users\/1741"}],"replies":[{"embeddable":true,"href":"https:\/\/linitiative.ca\/International\/wp-json\/wp\/v2\/comments?post=126757"}],"version-history":[{"count":0,"href":"https:\/\/linitiative.ca\/International\/wp-json\/wp\/v2\/posts\/126757\/revisions"}],"wp:attachment":[{"href":"https:\/\/linitiative.ca\/International\/wp-json\/wp\/v2\/media?parent=126757"}],"wp:term":[{"taxonomy":"category","embeddable":true,"href":"https:\/\/linitiative.ca\/International\/wp-json\/wp\/v2\/categories?post=126757"},{"taxonomy":"post_tag","embeddable":true,"href":"https:\/\/linitiative.ca\/International\/wp-json\/wp\/v2\/tags?post=126757"}],"curies":[{"name":"wp","href":"https:\/\/api.w.org\/{rel}","templated":true}]}}