{"id":126763,"date":"2021-09-11T07:05:44","date_gmt":"2021-09-11T11:05:44","guid":{"rendered":"https:\/\/linitiative.ca\/International\/elections-2021-au-maroc-quels-scenarii-pour-la-prochaine-majorite\/"},"modified":"2021-09-11T07:05:44","modified_gmt":"2021-09-11T11:05:44","slug":"elections-2021-au-maroc-quels-scenarii-pour-la-prochaine-majorite","status":"publish","type":"post","link":"https:\/\/linitiative.ca\/International\/elections-2021-au-maroc-quels-scenarii-pour-la-prochaine-majorite\/","title":{"rendered":"Elections 2021 au Maroc. Quels Sc\u00e9narii pour la prochaine majorit\u00e9"},"content":{"rendered":"<div><img decoding=\"async\" width=\"588\" height=\"331\" src=\"https:\/\/linitiative.ca\/International\/wp-content\/uploads\/sites\/23\/2021\/09\/akhannouch-et-baraka.jpg\" class=\"attachment-post-thumbnail size-post-thumbnail wp-post-image\" alt=\"\" loading=\"lazy\" srcset=\"https:\/\/linitiative.ca\/International\/wp-content\/uploads\/sites\/23\/2021\/09\/akhannouch-et-baraka.jpg 588w, https:\/\/www.challenge.ma\/wp-content\/uploads\/2021\/09\/akhannouch-et-baraka-300x169.jpg 300w, https:\/\/www.challenge.ma\/wp-content\/uploads\/2021\/09\/akhannouch-et-baraka-360x203.jpg 360w\" sizes=\"auto, (max-width: 588px) 100vw, 588px\" itemprop=\"image\">Apr\u00e8s le verdict des urnes, les tractations entre \u00e9missaires ont commenc\u00e9 le lendemain du mercredi 8 septembre. Vendredi dans la soir\u00e9e, S.M. Le Roi nomme Aziz Akhannouch, nouveau chef de gouvernement. Quels sont alors les scenarii pour la prochaine majorit\u00e9 ? Avec l\u2019acc\u00e9l\u00e9ration du processus de r\u00e9gionalisation, les structures repr\u00e9sentatives,<\/div>\n<p>Auteur: Mohamed Amine<br \/>\n<a href=\"https:\/\/www.challenge.ma\/elections-2021-au-maroc-quels-scenarii-pour-la-prochaine-majorite-220374\/\">Cliquez ici pour lire l&rsquo;article depuis sa source.<\/a><\/p>\n","protected":false},"excerpt":{"rendered":"<p>Apr\u00e8s le verdict des urnes, les tractations entre \u00e9missaires ont commenc\u00e9 le lendemain du mercredi 8 septembre. Vendredi dans la soir\u00e9e, S.M. Le Roi nomme Aziz Akhannouch, nouveau chef de gouvernement. Quels sont alors les scenarii pour la prochaine majorit\u00e9 ? Avec l\u2019acc\u00e9l\u00e9ration du processus de r\u00e9gionalisation, les structures repr\u00e9sentatives, Auteur: Mohamed Amine Cliquez ici [&hellip;]<\/p>\n","protected":false},"author":1787,"featured_media":0,"comment_status":"closed","ping_status":"closed","sticky":false,"template":"","format":"standard","meta":{"fifu_image_url":"https:\/\/www.challenge.ma\/wp-content\/uploads\/2021\/09\/akhannouch-et-baraka.jpg","fifu_image_alt":"Elections 2021 au Maroc. Quels Sc\u00e9narii pour la prochaine majorit\u00e9","footnotes":""},"categories":[78,54],"tags":[],"class_list":["post-126763","post","type-post","status-publish","format-standard","hentry","category-economie","category-maroc"],"_links":{"self":[{"href":"https:\/\/linitiative.ca\/International\/wp-json\/wp\/v2\/posts\/126763","targetHints":{"allow":["GET"]}}],"collection":[{"href":"https:\/\/linitiative.ca\/International\/wp-json\/wp\/v2\/posts"}],"about":[{"href":"https:\/\/linitiative.ca\/International\/wp-json\/wp\/v2\/types\/post"}],"author":[{"embeddable":true,"href":"https:\/\/linitiative.ca\/International\/wp-json\/wp\/v2\/users\/1787"}],"replies":[{"embeddable":true,"href":"https:\/\/linitiative.ca\/International\/wp-json\/wp\/v2\/comments?post=126763"}],"version-history":[{"count":0,"href":"https:\/\/linitiative.ca\/International\/wp-json\/wp\/v2\/posts\/126763\/revisions"}],"wp:attachment":[{"href":"https:\/\/linitiative.ca\/International\/wp-json\/wp\/v2\/media?parent=126763"}],"wp:term":[{"taxonomy":"category","embeddable":true,"href":"https:\/\/linitiative.ca\/International\/wp-json\/wp\/v2\/categories?post=126763"},{"taxonomy":"post_tag","embeddable":true,"href":"https:\/\/linitiative.ca\/International\/wp-json\/wp\/v2\/tags?post=126763"}],"curies":[{"name":"wp","href":"https:\/\/api.w.org\/{rel}","templated":true}]}}