{"id":126765,"date":"2021-09-11T07:06:35","date_gmt":"2021-09-11T11:06:35","guid":{"rendered":"https:\/\/linitiative.ca\/International\/maroc-le-vaccin-de-pfizer-biontech-prochainement-administre-aux-adultes\/"},"modified":"2021-09-11T07:06:35","modified_gmt":"2021-09-11T11:06:35","slug":"maroc-le-vaccin-de-pfizer-biontech-prochainement-administre-aux-adultes","status":"publish","type":"post","link":"https:\/\/linitiative.ca\/International\/maroc-le-vaccin-de-pfizer-biontech-prochainement-administre-aux-adultes\/","title":{"rendered":"Maroc. Le vaccin de Pfizer-BioNTech prochainement administr\u00e9 aux adultes"},"content":{"rendered":"<div><img decoding=\"async\" width=\"1280\" height=\"720\" src=\"https:\/\/www.challenge.ma\/wp-content\/uploads\/2021\/09\/vaccin-maroc.webp\" class=\"attachment-post-thumbnail size-post-thumbnail wp-post-image\" alt=\"\" loading=\"lazy\" srcset=\"https:\/\/www.challenge.ma\/wp-content\/uploads\/2021\/09\/vaccin-maroc.webp 1280w, https:\/\/www.challenge.ma\/wp-content\/uploads\/2021\/09\/vaccin-maroc-300x169.webp 300w, https:\/\/www.challenge.ma\/wp-content\/uploads\/2021\/09\/vaccin-maroc-1024x576.webp 1024w, https:\/\/www.challenge.ma\/wp-content\/uploads\/2021\/09\/vaccin-maroc-768x432.webp 768w, https:\/\/www.challenge.ma\/wp-content\/uploads\/2021\/09\/vaccin-maroc-360x203.webp 360w, https:\/\/www.challenge.ma\/wp-content\/uploads\/2021\/09\/vaccin-maroc-750x422.webp 750w\" sizes=\"auto, (max-width: 1280px) 100vw, 1280px\" itemprop=\"image\">Le vaccin produit par Pfizer-BioNTech a pour un moment \u00e9t\u00e9 exclusivement d\u00e9di\u00e9 aux jeunes de moins de 18 ans. Dans le souci continuel d\u2019am\u00e9liorer la campagne de vaccination au Maroc, ce vaccin sera d\u00e9sormais bient\u00f4t disponible \u00e0 toutes les tranches d\u2019\u00e2ge. Dans une d\u00e9claration pour le site challenge, le Dr<\/div>\n<p>Auteur: challenge<br \/>\n<a href=\"https:\/\/www.challenge.ma\/covid-19-le-vaccin-de-pfizer-biontech-prochainement-administre-aux-adultes-220486\/\">Cliquez ici pour lire l&rsquo;article depuis sa source.<\/a><\/p>\n","protected":false},"excerpt":{"rendered":"<p>Le vaccin produit par Pfizer-BioNTech a pour un moment \u00e9t\u00e9 exclusivement d\u00e9di\u00e9 aux jeunes de moins de 18 ans. Dans le souci continuel d\u2019am\u00e9liorer la campagne de vaccination au Maroc, ce vaccin sera d\u00e9sormais bient\u00f4t disponible \u00e0 toutes les tranches d\u2019\u00e2ge. Dans une d\u00e9claration pour le site challenge, le Dr Auteur: challenge Cliquez ici pour [&hellip;]<\/p>\n","protected":false},"author":1787,"featured_media":0,"comment_status":"closed","ping_status":"closed","sticky":false,"template":"","format":"standard","meta":{"fifu_image_url":"https:\/\/www.challenge.ma\/wp-content\/uploads\/2021\/09\/vaccin-maroc.webp","fifu_image_alt":"Maroc. Le vaccin de Pfizer-BioNTech prochainement administr\u00e9 aux adultes","footnotes":""},"categories":[78,54],"tags":[],"class_list":["post-126765","post","type-post","status-publish","format-standard","hentry","category-economie","category-maroc"],"_links":{"self":[{"href":"https:\/\/linitiative.ca\/International\/wp-json\/wp\/v2\/posts\/126765","targetHints":{"allow":["GET"]}}],"collection":[{"href":"https:\/\/linitiative.ca\/International\/wp-json\/wp\/v2\/posts"}],"about":[{"href":"https:\/\/linitiative.ca\/International\/wp-json\/wp\/v2\/types\/post"}],"author":[{"embeddable":true,"href":"https:\/\/linitiative.ca\/International\/wp-json\/wp\/v2\/users\/1787"}],"replies":[{"embeddable":true,"href":"https:\/\/linitiative.ca\/International\/wp-json\/wp\/v2\/comments?post=126765"}],"version-history":[{"count":0,"href":"https:\/\/linitiative.ca\/International\/wp-json\/wp\/v2\/posts\/126765\/revisions"}],"wp:attachment":[{"href":"https:\/\/linitiative.ca\/International\/wp-json\/wp\/v2\/media?parent=126765"}],"wp:term":[{"taxonomy":"category","embeddable":true,"href":"https:\/\/linitiative.ca\/International\/wp-json\/wp\/v2\/categories?post=126765"},{"taxonomy":"post_tag","embeddable":true,"href":"https:\/\/linitiative.ca\/International\/wp-json\/wp\/v2\/tags?post=126765"}],"curies":[{"name":"wp","href":"https:\/\/api.w.org\/{rel}","templated":true}]}}