{"id":126766,"date":"2021-09-11T12:12:23","date_gmt":"2021-09-11T16:12:23","guid":{"rendered":"https:\/\/linitiative.ca\/International\/qui-est-donc-aziz-akhannouch-notre-prochain-chef-de-gouvernement\/"},"modified":"2021-09-11T12:12:23","modified_gmt":"2021-09-11T16:12:23","slug":"qui-est-donc-aziz-akhannouch-notre-prochain-chef-de-gouvernement","status":"publish","type":"post","link":"https:\/\/linitiative.ca\/International\/qui-est-donc-aziz-akhannouch-notre-prochain-chef-de-gouvernement\/","title":{"rendered":"Qui est donc Aziz Akhannouch, notre prochain chef de gouvernement ?"},"content":{"rendered":"<div><img decoding=\"async\" width=\"588\" height=\"331\" src=\"https:\/\/linitiative.ca\/International\/wp-content\/uploads\/sites\/23\/2021\/09\/aziz-akhannouch.jpg\" class=\"attachment-post-thumbnail size-post-thumbnail wp-post-image\" alt=\"\" loading=\"lazy\" srcset=\"https:\/\/linitiative.ca\/International\/wp-content\/uploads\/sites\/23\/2021\/09\/aziz-akhannouch.jpg 588w, https:\/\/www.challenge.ma\/wp-content\/uploads\/2021\/09\/aziz-akhannouch-300x169.jpg 300w, https:\/\/www.challenge.ma\/wp-content\/uploads\/2021\/09\/aziz-akhannouch-360x203.jpg 360w\" sizes=\"auto, (max-width: 588px) 100vw, 588px\" itemprop=\"image\">Personnalit\u00e9 notoire de notre paysage politique, Aziz Akhannouch a \u00e9t\u00e9, et demeure l\u2019homme d\u2019affaires, le magnat du p\u00e9trole, cet a\u00een\u00e9 qui a h\u00e9rit\u00e9 de son d\u00e9funt p\u00e8re Ahmed Oulhaj de cet empire p\u00e9trolier qu\u2019il a su d\u00e9velopper, amplifier, faire respecter car respect\u00e9 pour son humilit\u00e9 et son humanit\u00e9. Aziz Akhannouch,<\/div>\n<p>Auteur: challenge<br \/>\n<a href=\"https:\/\/www.challenge.ma\/qui-est-donc-aziz-akhannouch-notre-prochain-chef-de-gouvernement-220504\/\">Cliquez ici pour lire l&rsquo;article depuis sa source.<\/a><\/p>\n","protected":false},"excerpt":{"rendered":"<p>Personnalit\u00e9 notoire de notre paysage politique, Aziz Akhannouch a \u00e9t\u00e9, et demeure l\u2019homme d\u2019affaires, le magnat du p\u00e9trole, cet a\u00een\u00e9 qui a h\u00e9rit\u00e9 de son d\u00e9funt p\u00e8re Ahmed Oulhaj de cet empire p\u00e9trolier qu\u2019il a su d\u00e9velopper, amplifier, faire respecter car respect\u00e9 pour son humilit\u00e9 et son humanit\u00e9. Aziz Akhannouch, Auteur: challenge Cliquez ici pour [&hellip;]<\/p>\n","protected":false},"author":1787,"featured_media":0,"comment_status":"closed","ping_status":"closed","sticky":false,"template":"","format":"standard","meta":{"fifu_image_url":"https:\/\/www.challenge.ma\/wp-content\/uploads\/2021\/09\/aziz-akhannouch.jpg","fifu_image_alt":"Qui est donc Aziz Akhannouch, notre prochain chef de gouvernement ?","footnotes":""},"categories":[78,54],"tags":[],"class_list":["post-126766","post","type-post","status-publish","format-standard","hentry","category-economie","category-maroc"],"_links":{"self":[{"href":"https:\/\/linitiative.ca\/International\/wp-json\/wp\/v2\/posts\/126766","targetHints":{"allow":["GET"]}}],"collection":[{"href":"https:\/\/linitiative.ca\/International\/wp-json\/wp\/v2\/posts"}],"about":[{"href":"https:\/\/linitiative.ca\/International\/wp-json\/wp\/v2\/types\/post"}],"author":[{"embeddable":true,"href":"https:\/\/linitiative.ca\/International\/wp-json\/wp\/v2\/users\/1787"}],"replies":[{"embeddable":true,"href":"https:\/\/linitiative.ca\/International\/wp-json\/wp\/v2\/comments?post=126766"}],"version-history":[{"count":0,"href":"https:\/\/linitiative.ca\/International\/wp-json\/wp\/v2\/posts\/126766\/revisions"}],"wp:attachment":[{"href":"https:\/\/linitiative.ca\/International\/wp-json\/wp\/v2\/media?parent=126766"}],"wp:term":[{"taxonomy":"category","embeddable":true,"href":"https:\/\/linitiative.ca\/International\/wp-json\/wp\/v2\/categories?post=126766"},{"taxonomy":"post_tag","embeddable":true,"href":"https:\/\/linitiative.ca\/International\/wp-json\/wp\/v2\/tags?post=126766"}],"curies":[{"name":"wp","href":"https:\/\/api.w.org\/{rel}","templated":true}]}}