{"id":126771,"date":"2021-09-11T16:27:18","date_gmt":"2021-09-11T20:27:18","guid":{"rendered":"https:\/\/linitiative.ca\/International\/jus-perimes-saisis-dans-une-usine-clandestine-a-tajerouine-audio-explication-de-son-proprietaire\/"},"modified":"2021-09-11T16:27:18","modified_gmt":"2021-09-11T20:27:18","slug":"jus-perimes-saisis-dans-une-usine-clandestine-a-tajerouine-audio-explication-de-son-proprietaire","status":"publish","type":"post","link":"https:\/\/linitiative.ca\/International\/jus-perimes-saisis-dans-une-usine-clandestine-a-tajerouine-audio-explication-de-son-proprietaire\/","title":{"rendered":"Jus p\u00e9rim\u00e9s saisis dans \u201cune usine clandestine\u201d \u00e0 Tajerouine [AUDIO] : Explication de son propri\u00e9taire"},"content":{"rendered":"<div>\n<p>Mercredi dernier, une patrouille conjointe des \u00e9quipes de la Garde nationale et de la Garde municipale \u00e0 Tajrouine a saisi 3 070 bouteilles en verre et 97 r\u00e9cipients en plastique remplis de jus de grenade et de pomme et ne portant ni date de p\u00e9remption ni marque. Selon ce que les autorit\u00e9s r\u00e9gionales comp\u00e9tentes avaient [\u2026]<\/p>\n<p>L\u2019article <a href=\"https:\/\/www.tunisienumerique.com\/jus-perimes-saisis-dans-une-usine-clandestine-a-tajerouine-audio-explication-de-son-proprietaire\/\">Jus p\u00e9rim\u00e9s saisis dans \u201cune usine clandestine\u201d \u00e0 Tajerouine [AUDIO] : Explication de son propri\u00e9taire<\/a> est apparu en premier sur <a href=\"https:\/\/www.tunisienumerique.com\/\">Tunisie<\/a>.<\/p>\n<\/div>\n<p>Auteur: rania ben slimane<br \/>\n<a href=\"https:\/\/www.tunisienumerique.com\/jus-perimes-saisis-dans-une-usine-clandestine-a-tajerouine-audio-explication-de-son-proprietaire\/\">Cliquez ici pour lire l&rsquo;article depuis sa source.<\/a><\/p>\n","protected":false},"excerpt":{"rendered":"<p>Mercredi dernier, une patrouille conjointe des \u00e9quipes de la Garde nationale et de la Garde municipale \u00e0 Tajrouine a saisi 3 070 bouteilles en verre et 97 r\u00e9cipients en plastique remplis de jus de grenade et de pomme et ne portant ni date de p\u00e9remption ni marque. Selon ce que les autorit\u00e9s r\u00e9gionales comp\u00e9tentes avaient [&hellip;]<\/p>\n","protected":false},"author":1789,"featured_media":0,"comment_status":"closed","ping_status":"closed","sticky":false,"template":"","format":"standard","meta":{"fifu_image_url":"","fifu_image_alt":"","footnotes":""},"categories":[73,55],"tags":[],"class_list":["post-126771","post","type-post","status-publish","format-standard","hentry","category-actualite","category-tunisie"],"_links":{"self":[{"href":"https:\/\/linitiative.ca\/International\/wp-json\/wp\/v2\/posts\/126771","targetHints":{"allow":["GET"]}}],"collection":[{"href":"https:\/\/linitiative.ca\/International\/wp-json\/wp\/v2\/posts"}],"about":[{"href":"https:\/\/linitiative.ca\/International\/wp-json\/wp\/v2\/types\/post"}],"author":[{"embeddable":true,"href":"https:\/\/linitiative.ca\/International\/wp-json\/wp\/v2\/users\/1789"}],"replies":[{"embeddable":true,"href":"https:\/\/linitiative.ca\/International\/wp-json\/wp\/v2\/comments?post=126771"}],"version-history":[{"count":0,"href":"https:\/\/linitiative.ca\/International\/wp-json\/wp\/v2\/posts\/126771\/revisions"}],"wp:attachment":[{"href":"https:\/\/linitiative.ca\/International\/wp-json\/wp\/v2\/media?parent=126771"}],"wp:term":[{"taxonomy":"category","embeddable":true,"href":"https:\/\/linitiative.ca\/International\/wp-json\/wp\/v2\/categories?post=126771"},{"taxonomy":"post_tag","embeddable":true,"href":"https:\/\/linitiative.ca\/International\/wp-json\/wp\/v2\/tags?post=126771"}],"curies":[{"name":"wp","href":"https:\/\/api.w.org\/{rel}","templated":true}]}}