{"id":126773,"date":"2021-09-11T04:43:09","date_gmt":"2021-09-11T08:43:09","guid":{"rendered":"https:\/\/linitiative.ca\/International\/cameroun-apres-bana-risque-de-fortes-pluies-avec-tombee-de-grele-dans-plusieurs-regions\/"},"modified":"2021-09-11T04:43:09","modified_gmt":"2021-09-11T08:43:09","slug":"cameroun-apres-bana-risque-de-fortes-pluies-avec-tombee-de-grele-dans-plusieurs-regions","status":"publish","type":"post","link":"https:\/\/linitiative.ca\/International\/cameroun-apres-bana-risque-de-fortes-pluies-avec-tombee-de-grele-dans-plusieurs-regions\/","title":{"rendered":"Cameroun : apr\u00e9s Bana, risque de fortes pluies avec tomb\u00e9e de gr\u00eale dans plusieurs r\u00e9gions"},"content":{"rendered":"<div>\n<p><img loading=\"lazy\" decoding=\"async\" width=\"708\" height=\"960\" src=\"https:\/\/linitiative.ca\/International\/wp-content\/uploads\/sites\/23\/2021\/09\/FB_IMG_1631268314484.jpg\" class=\"attachment-post-thumbnail size-post-thumbnail wp-post-image\" alt=\"\" srcset=\"https:\/\/linitiative.ca\/International\/wp-content\/uploads\/sites\/23\/2021\/09\/FB_IMG_1631268314484.jpg 708w, https:\/\/www.journalducameroun.com\/wp-content\/uploads\/2021\/09\/FB_IMG_1631268314484-221x300.jpg 221w, https:\/\/www.journalducameroun.com\/wp-content\/uploads\/2021\/09\/FB_IMG_1631268314484-325x440.jpg 325w, https:\/\/www.journalducameroun.com\/wp-content\/uploads\/2021\/09\/FB_IMG_1631268314484-600x814.jpg 600w\" sizes=\"auto, (max-width: 708px) 100vw, 708px\"><\/p>\n<h5 dir=\"auto\" style=\"text-align: justify;\">Le ministre des Transports rappelle dans un.communiqu\u00e9 publi\u00e9 le 10 septembre 2021, que\u00a0les pr\u00e9visions m\u00e9t\u00e9orologiques annoncent des \u00e9v\u00e8nements extr\u00eames tels que les averses de gr\u00eales et une forte pluviom\u00e9trie tout au long de la saison actuelle des pluies.<\/h5>\n<div dir=\"auto\" style=\"text-align: justify;\"><\/div>\n<div dir=\"auto\" style=\"text-align: justify;\"><\/div>\n<div dir=\"auto\" style=\"text-align: justify;\"><\/div>\n<div dir=\"auto\" style=\"text-align: justify;\">Jeudi dernier une forte pluie a laiss\u00e9 apercevoir beaucoup de gr\u00eale\u00a0dans la localit\u00e9 de Bapou par Bana, d\u00e9partement du Haut Nkam. Une sorte de neige jamais observ\u00e9e auparavant dans ce coin de la r\u00e9gion de l&rsquo;Ouest.<\/div>\n<div dir=\"auto\" style=\"text-align: justify;\"><img loading=\"lazy\" decoding=\"async\" class=\"alignnone size-full wp-image-394212\" src=\"https:\/\/linitiative.ca\/International\/wp-content\/uploads\/sites\/23\/2021\/09\/FB_IMG_1631268311315.jpg\" alt=\"\" width=\"704\" height=\"960\"><\/div>\n<div dir=\"auto\" style=\"text-align: justify;\"><\/div>\n<div dir=\"auto\" style=\"text-align: justify;\">\u00ab <em>Ce ph\u00e9nom\u00e8ne bien connu survenu sous la forme d&rsquo;une averse de gr\u00eales, se manifeste souvent pendant des orages comme ce fut le cas \u00e0 Dschang et \u00e0 Bamenda dans un pass\u00e9 r\u00e9cent\u00a0<\/em>\u00bb, souligne le ministre des Transports dans un communiqu\u00e9 sign\u00e9 hier.<\/div>\n<div dir=\"auto\" style=\"text-align: justify;\"><\/div>\n<div dir=\"auto\" style=\"text-align: justify;\">Ernest Ngalle Bibehe annonce que : \u00ab <em>selon les pr\u00e9visions m\u00e9t\u00e9orologiques \u00e9labor\u00e9es par le Minist\u00e8re des Transports, des \u00e9v\u00e8nements extr\u00eames tels que les averses de gr\u00eales et une forte pluviom\u00e9trie pourraient survenir tout au long de la saison des pluies en cours dans certaines r\u00e9gions du pays notamment I&rsquo;Extr\u00eame-Nord, le Nord, I&rsquo;Ouest, le Littoral et les zones urbaines du Centre<\/em> \u00bb.<\/div>\n<div dir=\"auto\" style=\"text-align: justify;\"><\/div>\n<div dir=\"auto\" style=\"text-align: justify;\">Le membre du gouvernement invite enfin\u00a0 les populations \u00e0 \u00ab <em>une vigilance accrue, \u00e0 d\u00e9velopper la culture du risque et pour mieux se pr\u00e9munir, \u00e0 suivre les pr\u00e9visions m\u00e9t\u00e9orologiques diffus\u00e9es dans les medias locaux, les reseaux sociaux et le site web du d\u00e9partement ministeriel dont il a la charge \u00e0 l&rsquo;adresse: www.mint.gov.cm.\/-\u00bb\u00a0<\/em><\/div>\n<div dir=\"auto\" style=\"text-align: justify;\"><\/div>\n<div dir=\"auto\" style=\"text-align: justify;\"><\/div>\n<p>Cet article <a rel=\"nofollow\" href=\"https:\/\/www.journalducameroun.com\/cameroun-apres-bana-risque-de-fortes-pluies-avec-tombee-de-grele-dans-plusieurs-regions-cameroun\/\">Cameroun : apr\u00e9s Bana, risque de fortes pluies avec tomb\u00e9e de gr\u00eale dans plusieurs r\u00e9gions<\/a> est apparu en premier sur <a rel=\"nofollow\" href=\"https:\/\/www.journalducameroun.com\/\">Journal du Cameroun<\/a>.<\/p>\n<\/div>\n<p>Auteur: Christian DJIMADEU<br \/>\n<a href=\"https:\/\/www.journalducameroun.com\/cameroun-apres-bana-risque-de-fortes-pluies-avec-tombee-de-grele-dans-plusieurs-regions-cameroun\/\">Cliquez ici pour lire l&rsquo;article depuis sa source.<\/a><\/p>\n","protected":false},"excerpt":{"rendered":"<p>Le ministre des Transports rappelle dans un.communiqu\u00e9 publi\u00e9 le 10 septembre 2021, que\u00a0les pr\u00e9visions m\u00e9t\u00e9orologiques annoncent des \u00e9v\u00e8nements extr\u00eames tels que les averses de gr\u00eales et une forte pluviom\u00e9trie tout au long de la saison actuelle des pluies. Jeudi dernier une forte pluie a laiss\u00e9 apercevoir beaucoup de gr\u00eale\u00a0dans la localit\u00e9 de Bapou par Bana, [&hellip;]<\/p>\n","protected":false},"author":1965,"featured_media":0,"comment_status":"closed","ping_status":"closed","sticky":false,"template":"","format":"standard","meta":{"fifu_image_url":"https:\/\/www.journalducameroun.com\/wp-content\/uploads\/2021\/09\/FB_IMG_1631268314484.jpg","fifu_image_alt":"Cameroun : apr\u00e9s Bana, risque de fortes pluies avec tomb\u00e9e de gr\u00eale dans plusieurs r\u00e9gions","footnotes":""},"categories":[73,82],"tags":[],"class_list":["post-126773","post","type-post","status-publish","format-standard","hentry","category-actualite","category-cameroun"],"_links":{"self":[{"href":"https:\/\/linitiative.ca\/International\/wp-json\/wp\/v2\/posts\/126773","targetHints":{"allow":["GET"]}}],"collection":[{"href":"https:\/\/linitiative.ca\/International\/wp-json\/wp\/v2\/posts"}],"about":[{"href":"https:\/\/linitiative.ca\/International\/wp-json\/wp\/v2\/types\/post"}],"author":[{"embeddable":true,"href":"https:\/\/linitiative.ca\/International\/wp-json\/wp\/v2\/users\/1965"}],"replies":[{"embeddable":true,"href":"https:\/\/linitiative.ca\/International\/wp-json\/wp\/v2\/comments?post=126773"}],"version-history":[{"count":0,"href":"https:\/\/linitiative.ca\/International\/wp-json\/wp\/v2\/posts\/126773\/revisions"}],"wp:attachment":[{"href":"https:\/\/linitiative.ca\/International\/wp-json\/wp\/v2\/media?parent=126773"}],"wp:term":[{"taxonomy":"category","embeddable":true,"href":"https:\/\/linitiative.ca\/International\/wp-json\/wp\/v2\/categories?post=126773"},{"taxonomy":"post_tag","embeddable":true,"href":"https:\/\/linitiative.ca\/International\/wp-json\/wp\/v2\/tags?post=126773"}],"curies":[{"name":"wp","href":"https:\/\/api.w.org\/{rel}","templated":true}]}}