{"id":126776,"date":"2021-09-11T06:18:02","date_gmt":"2021-09-11T10:18:02","guid":{"rendered":"https:\/\/linitiative.ca\/International\/covid-19-report-du-gala-de-la-fondation-children-of-africa-en-mars-2022\/"},"modified":"2021-09-11T06:18:02","modified_gmt":"2021-09-11T10:18:02","slug":"covid-19-report-du-gala-de-la-fondation-children-of-africa-en-mars-2022","status":"publish","type":"post","link":"https:\/\/linitiative.ca\/International\/covid-19-report-du-gala-de-la-fondation-children-of-africa-en-mars-2022\/","title":{"rendered":"Covid-19: report du gala de la Fondation Children of Africa en mars 2022"},"content":{"rendered":"<div>\n<p><img loading=\"lazy\" decoding=\"async\" width=\"720\" height=\"480\" src=\"https:\/\/linitiative.ca\/International\/wp-content\/uploads\/sites\/23\/2021\/09\/16313554822266.jpg\" class=\"attachment-post-thumbnail size-post-thumbnail wp-post-image\" alt=\"\" srcset=\"https:\/\/linitiative.ca\/International\/wp-content\/uploads\/sites\/23\/2021\/09\/16313554822266.jpg 720w, https:\/\/www.journalducameroun.com\/wp-content\/uploads\/2021\/09\/16313554822266-300x200.jpg 300w, https:\/\/www.journalducameroun.com\/wp-content\/uploads\/2021\/09\/16313554822266-660x440.jpg 660w, https:\/\/www.journalducameroun.com\/wp-content\/uploads\/2021\/09\/16313554822266-600x400.jpg 600w\" sizes=\"auto, (max-width: 720px) 100vw, 720px\"><\/p>\n<p>La Fondation Children of Africa, dont la pr\u00e9sidente est la Premi\u00e8re dame de C\u00f4te d&rsquo;Ivoire, Dominique Ouattara, annonce le report de son gala pour mars 2022, en raison de l&rsquo;accroissement des cas de Covid-19.<\/p>\n<p>\u00ab\u00a0En raison de la situation actuelle dans le monde et en C\u00f4te d&rsquo;Ivoire, nous vous informons que le gala de la Fondation Children of Africa est report\u00e9 au vendredi 11 mars 2022\u00a0\u00bb, indique un communiqu\u00e9 de presse transmis \u00e0 APA, samedi. Cette \u00e9dition \u00e9tait initialement pr\u00e9vue le 15 octobre 2021.\u00a0<\/p>\n<p>Cette d\u00e9cision, explique la Fondation, a \u00e9t\u00e9 \u00ab\u00a0motiv\u00e9e pour pr\u00e9server la sant\u00e9 de tous\u00a0\u00bb, esp\u00e9rant que cette nouvelle date conviendra \u00e0 ses invit\u00e9s. \u00a0Toutefois, toutes les r\u00e9servations et contributions effectu\u00e9es restent valables pour le prochain gala. Ce nouveau report constitue le deuxi\u00e8me du genre, depuis la survenue de la crise sanitaire \u00e0 coronavirus.\u00a0<\/p>\n<p>La C\u00f4te d&rsquo;Ivoire conna\u00eet sa troisi\u00e8me vague de la Covid-19 depuis le mois de juillet 2021. Au cours du mois d&rsquo;ao\u00fbt 2021, le minist\u00e8re ivoirien de la Sant\u00e9, de l&rsquo;hygi\u00e8ne publique et de la couverture maladie universelle a enregistr\u00e9 112 d\u00e9c\u00e8s avec plus de 5000 nouvelles contaminations.<\/p>\n<p>Le gala de bienfaisance de la Fondation Children of Africa vise \u00e0 collecter des fonds pour aider les enfants sur le continent, notamment dans le domaine de la sant\u00e9, de l&rsquo;\u00e9ducation et du social.\u00a0<\/p>\n<p>Cet article <a rel=\"nofollow\" href=\"https:\/\/www.journalducameroun.com\/covid-19-report-du-gala-de-la-fondation-children-of-africa-en-mars-2022\/\">Covid-19: report du gala de la Fondation Children of Africa en mars 2022<\/a> est apparu en premier sur <a rel=\"nofollow\" href=\"https:\/\/www.journalducameroun.com\/\">Journal du Cameroun<\/a>.<\/p>\n<\/div>\n<p>Auteur: APA News<br \/>\n<a href=\"https:\/\/www.journalducameroun.com\/covid-19-report-du-gala-de-la-fondation-children-of-africa-en-mars-2022\/\">Cliquez ici pour lire l&rsquo;article depuis sa source.<\/a><\/p>\n","protected":false},"excerpt":{"rendered":"<p>La Fondation Children of Africa, dont la pr\u00e9sidente est la Premi\u00e8re dame de C\u00f4te d&rsquo;Ivoire, Dominique Ouattara, annonce le report de son gala pour mars 2022, en raison de l&rsquo;accroissement des cas de Covid-19. \u00ab\u00a0En raison de la situation actuelle dans le monde et en C\u00f4te d&rsquo;Ivoire, nous vous informons que le gala de la [&hellip;]<\/p>\n","protected":false},"author":1965,"featured_media":0,"comment_status":"closed","ping_status":"closed","sticky":false,"template":"","format":"standard","meta":{"fifu_image_url":"https:\/\/www.journalducameroun.com\/wp-content\/uploads\/2021\/09\/16313554822266.jpg","fifu_image_alt":"Covid-19: report du gala de la Fondation Children of Africa en mars 2022","footnotes":""},"categories":[73,82],"tags":[],"class_list":["post-126776","post","type-post","status-publish","format-standard","hentry","category-actualite","category-cameroun"],"_links":{"self":[{"href":"https:\/\/linitiative.ca\/International\/wp-json\/wp\/v2\/posts\/126776","targetHints":{"allow":["GET"]}}],"collection":[{"href":"https:\/\/linitiative.ca\/International\/wp-json\/wp\/v2\/posts"}],"about":[{"href":"https:\/\/linitiative.ca\/International\/wp-json\/wp\/v2\/types\/post"}],"author":[{"embeddable":true,"href":"https:\/\/linitiative.ca\/International\/wp-json\/wp\/v2\/users\/1965"}],"replies":[{"embeddable":true,"href":"https:\/\/linitiative.ca\/International\/wp-json\/wp\/v2\/comments?post=126776"}],"version-history":[{"count":0,"href":"https:\/\/linitiative.ca\/International\/wp-json\/wp\/v2\/posts\/126776\/revisions"}],"wp:attachment":[{"href":"https:\/\/linitiative.ca\/International\/wp-json\/wp\/v2\/media?parent=126776"}],"wp:term":[{"taxonomy":"category","embeddable":true,"href":"https:\/\/linitiative.ca\/International\/wp-json\/wp\/v2\/categories?post=126776"},{"taxonomy":"post_tag","embeddable":true,"href":"https:\/\/linitiative.ca\/International\/wp-json\/wp\/v2\/tags?post=126776"}],"curies":[{"name":"wp","href":"https:\/\/api.w.org\/{rel}","templated":true}]}}