{"id":126778,"date":"2021-09-11T06:41:54","date_gmt":"2021-09-11T10:41:54","guid":{"rendered":"https:\/\/linitiative.ca\/International\/cameroun-le-fisc-menace-de-saisir-les-biens-de-lenam\/"},"modified":"2021-09-11T06:41:54","modified_gmt":"2021-09-11T10:41:54","slug":"cameroun-le-fisc-menace-de-saisir-les-biens-de-lenam","status":"publish","type":"post","link":"https:\/\/linitiative.ca\/International\/cameroun-le-fisc-menace-de-saisir-les-biens-de-lenam\/","title":{"rendered":"Cameroun : le fisc menace de saisir les biens de l\u2019Enam"},"content":{"rendered":"<div>\n<p><img loading=\"lazy\" decoding=\"async\" width=\"800\" height=\"433\" src=\"https:\/\/linitiative.ca\/International\/wp-content\/uploads\/sites\/23\/2021\/09\/Enam.jpg\" class=\"attachment-post-thumbnail size-post-thumbnail wp-post-image\" alt=\"\" srcset=\"https:\/\/linitiative.ca\/International\/wp-content\/uploads\/sites\/23\/2021\/09\/Enam.jpg 800w, https:\/\/www.journalducameroun.com\/wp-content\/uploads\/2020\/10\/Enam-300x162.jpg 300w, https:\/\/www.journalducameroun.com\/wp-content\/uploads\/2020\/10\/Enam-768x416.jpg 768w, https:\/\/www.journalducameroun.com\/wp-content\/uploads\/2020\/10\/Enam-600x325.jpg 600w\" sizes=\"auto, (max-width: 800px) 100vw, 800px\"><\/p>\n<h5 style=\"text-align: justify;\">L&rsquo;\u00c9cole nationale d&rsquo;administration et de magistrature (Enam) a d\u00e9sormais moins d&rsquo;une semaine pour s&rsquo;acquitter de sa dette de\u00a054\u00a0032 788 FCFA.<\/h5>\n<p style=\"text-align: justify;\">\n<p style=\"text-align: justify;\">\n<p style=\"text-align: justify;\">L&rsquo;Enam ne paye ses imp\u00f4ts, \u00e0 en croire une mise en demeure servie au Directeur g\u00e9n\u00e9ral,\u00a0<strong>Pierre Soumbou Angoula<\/strong>, le 9 septembre 2021 par madame\u00a0 <strong>Pouga Mariette<\/strong> n\u00e9e <strong>Assiene<\/strong>,\u00a0receveur des imp\u00f4ts.<\/p>\n<p style=\"text-align: justify;\">Cette \u00e9cole\u00a0 doit s&rsquo;acquitter de 54\u00a0032 788 FCFA, r\u00e9parti comme suit :<\/p>\n<div dir=\"auto\" style=\"text-align: justify;\">Principal:\u00a048 370 213\u00a0FCFA<\/div>\n<div dir=\"auto\" style=\"text-align: justify;\">P\u00e9nalit\u00e9s:\u00a0 \u00a05 562 574 FCFA<\/div>\n<div dir=\"auto\" style=\"text-align: justify;\">Frais de poursuites:\u00a0100 000FCFA<\/div>\n<div dir=\"auto\" style=\"text-align: justify;\"><strong>TOTAL:\u00a0\u00a054\u00a0032 788 FCFA\u00a0<\/strong><\/div>\n<div dir=\"auto\" style=\"text-align: justify;\"><\/div>\n<div dir=\"auto\" style=\"text-align: justify;\">Apr\u00e8s des missions de recouvrement sold\u00e9es par des \u00e9checs, le receveur des Imp\u00f4ts Pouga Mariette a donc saisi par correspondance le DG de l&rsquo;Enam, cet ancien\u00a0magistrat de 1er grade \u00e0 la Chambre des Comptes de la Cour supr\u00eame, pour lui demander de\u00a0proc\u00e9der au r\u00e8glement du montant des Imp\u00f4ts susvis\u00e9s, major\u00e9s des frais de poursuites.<\/div>\n<div dir=\"auto\" style=\"text-align: justify;\"><\/div>\n<div dir=\"auto\" style=\"text-align: justify;\">Elle pr\u00e9cise que : \u00ab <em>le pr\u00e9sent commandement emporte obligation de paiement de la dette concern\u00e9e, dans\u00a0un d\u00e9lai de huit (08) jours, faute de quoi il sera proc\u00e9d\u00e9 \u00e0 la saisie de vos biens meubles<\/em>\u00bb.<\/div>\n<div dir=\"auto\" style=\"text-align: justify;\"><\/div>\n<div dir=\"auto\" style=\"text-align: justify;\">La correspondance du 9 septembre dernier devrait faire perdre le sommeil aux dirigeants de cette prestigieuse institution qui revendique la formation de plusieurs hauts cadres de la R\u00e9publique.<\/div>\n<div dir=\"auto\">\n<div dir=\"auto\" style=\"text-align: justify;\"><span style=\"color: #3c4043; font-family: roboto, helvetica neue, arial, sans-serif;\">\u00a0<\/span><\/div>\n<div dir=\"auto\" style=\"text-align: justify;\"><\/div>\n<div dir=\"auto\" style=\"text-align: justify;\"><span style=\"color: #3c4043; font-family: roboto, helvetica neue, arial, sans-serif;\">\u00a0<\/span><\/div>\n<div dir=\"auto\" style=\"text-align: justify;\"><\/div>\n<\/div>\n<p>Cet article <a rel=\"nofollow\" href=\"https:\/\/www.journalducameroun.com\/cameroun-le-fisc-menace-de-saisir-les-biens-de-lenam-cameroun\/\">Cameroun : le fisc menace de saisir les biens de l\u2019Enam<\/a> est apparu en premier sur <a rel=\"nofollow\" href=\"https:\/\/www.journalducameroun.com\/\">Journal du Cameroun<\/a>.<\/p>\n<\/div>\n<p>Auteur: Christian DJIMADEU<br \/>\n<a href=\"https:\/\/www.journalducameroun.com\/cameroun-le-fisc-menace-de-saisir-les-biens-de-lenam-cameroun\/\">Cliquez ici pour lire l&rsquo;article depuis sa source.<\/a><\/p>\n","protected":false},"excerpt":{"rendered":"<p>L&rsquo;\u00c9cole nationale d&rsquo;administration et de magistrature (Enam) a d\u00e9sormais moins d&rsquo;une semaine pour s&rsquo;acquitter de sa dette de\u00a054\u00a0032 788 FCFA. L&rsquo;Enam ne paye ses imp\u00f4ts, \u00e0 en croire une mise en demeure servie au Directeur g\u00e9n\u00e9ral,\u00a0Pierre Soumbou Angoula, le 9 septembre 2021 par madame\u00a0 Pouga Mariette n\u00e9e Assiene,\u00a0receveur des imp\u00f4ts. Cette \u00e9cole\u00a0 doit s&rsquo;acquitter de [&hellip;]<\/p>\n","protected":false},"author":1965,"featured_media":0,"comment_status":"closed","ping_status":"closed","sticky":false,"template":"","format":"standard","meta":{"fifu_image_url":"https:\/\/www.journalducameroun.com\/wp-content\/uploads\/2020\/10\/Enam.jpg","fifu_image_alt":"Cameroun : le fisc menace de saisir les biens de l\u2019Enam","footnotes":""},"categories":[73,82],"tags":[],"class_list":["post-126778","post","type-post","status-publish","format-standard","hentry","category-actualite","category-cameroun"],"_links":{"self":[{"href":"https:\/\/linitiative.ca\/International\/wp-json\/wp\/v2\/posts\/126778","targetHints":{"allow":["GET"]}}],"collection":[{"href":"https:\/\/linitiative.ca\/International\/wp-json\/wp\/v2\/posts"}],"about":[{"href":"https:\/\/linitiative.ca\/International\/wp-json\/wp\/v2\/types\/post"}],"author":[{"embeddable":true,"href":"https:\/\/linitiative.ca\/International\/wp-json\/wp\/v2\/users\/1965"}],"replies":[{"embeddable":true,"href":"https:\/\/linitiative.ca\/International\/wp-json\/wp\/v2\/comments?post=126778"}],"version-history":[{"count":0,"href":"https:\/\/linitiative.ca\/International\/wp-json\/wp\/v2\/posts\/126778\/revisions"}],"wp:attachment":[{"href":"https:\/\/linitiative.ca\/International\/wp-json\/wp\/v2\/media?parent=126778"}],"wp:term":[{"taxonomy":"category","embeddable":true,"href":"https:\/\/linitiative.ca\/International\/wp-json\/wp\/v2\/categories?post=126778"},{"taxonomy":"post_tag","embeddable":true,"href":"https:\/\/linitiative.ca\/International\/wp-json\/wp\/v2\/tags?post=126778"}],"curies":[{"name":"wp","href":"https:\/\/api.w.org\/{rel}","templated":true}]}}