{"id":126782,"date":"2021-09-11T12:18:01","date_gmt":"2021-09-11T16:18:01","guid":{"rendered":"https:\/\/linitiative.ca\/International\/representation-fulgurante-de-la-marocaine-rajaa-kasabni-au-femua-13\/"},"modified":"2021-09-11T12:18:01","modified_gmt":"2021-09-11T16:18:01","slug":"representation-fulgurante-de-la-marocaine-rajaa-kasabni-au-femua-13","status":"publish","type":"post","link":"https:\/\/linitiative.ca\/International\/representation-fulgurante-de-la-marocaine-rajaa-kasabni-au-femua-13\/","title":{"rendered":"Repr\u00e9sentation fulgurante de la marocaine Rajaa Kasabni au FEMUA 13"},"content":{"rendered":"<div>\n<p><img loading=\"lazy\" decoding=\"async\" width=\"800\" height=\"533\" src=\"https:\/\/linitiative.ca\/International\/wp-content\/uploads\/sites\/23\/2021\/09\/16313770819883.jpg\" class=\"attachment-post-thumbnail size-post-thumbnail wp-post-image\" alt=\"\" srcset=\"https:\/\/linitiative.ca\/International\/wp-content\/uploads\/sites\/23\/2021\/09\/16313770819883.jpg 800w, https:\/\/www.journalducameroun.com\/wp-content\/uploads\/2021\/09\/16313770819883-300x200.jpg 300w, https:\/\/www.journalducameroun.com\/wp-content\/uploads\/2021\/09\/16313770819883-768x512.jpg 768w, https:\/\/www.journalducameroun.com\/wp-content\/uploads\/2021\/09\/16313770819883-660x440.jpg 660w, https:\/\/www.journalducameroun.com\/wp-content\/uploads\/2021\/09\/16313770819883-600x400.jpg 600w\" sizes=\"auto, (max-width: 800px) 100vw, 800px\"><\/p>\n<p>La chanteuse marocaine, Rajaa Kasabni, a affich\u00e9 vendredi une repr\u00e9sentation fulgurante, \u00e0 la deuxi\u00e8me soir\u00e9e de concerts de la 13e \u00e9dition du Festival des musiques urbaines d&rsquo;Anoumabo (FEMUA).<\/p>\n<p>\u00ab\u00a0Bonjour Abidjan, I love you\u00a0\u00bb, a lanc\u00e9 l&rsquo;artiste marocaine \u00e0 l&rsquo;entame de sa prestation. Devant un public abidjanais jovial, Rajaa Kasabni a \u00e9grain\u00e9 des titres, dans un parfait accord.\u00a0<\/p>\n<p>C&rsquo;est sa premi\u00e8re fois de donner un concert sur une sc\u00e8ne du FEMUA et de fouler le sol ivoirien. En cette p\u00e9riode de crise sanitaire de Covid-19, elle a exhort\u00e9 tout le monde \u00e0 se faire vacciner pour renforcer son syst\u00e8me immunitaire.\u00a0<\/p>\n<p>Des ressortissants marocains ont effectu\u00e9 le d\u00e9placement pour \u00e9couter sa voix suave, aur\u00e9ol\u00e9e de succ\u00e8s. L&rsquo;on pouvait apercevoir l&rsquo;ambassadeur du Maroc en C\u00f4te d&rsquo;Ivoire, Abdelmalek Kettani ou encore l&rsquo;humoriste Oualas.\u00a0<\/p>\n<p>\u00ab\u00a0Je suis \u00e9norm\u00e9ment \u00e9mue\u00a0\u00bb, a d\u00e9clar\u00e9 Rajaa, affirmant que le public ivoirien \u00ab\u00a0\u00e0 une oreille musicale incroyable\u00a0\u00bb. Pour elle, le FEMUA 13 est \u00ab\u00a0magnifique\u00a0\u00bb car il a r\u00e9ussi \u00e0 rassembler les pays.\u00a0<\/p>\n<p>Rajaa Kasabni a une forte c\u00f4te de popularit\u00e9 dans le monde arabe, surtout au Liban. La star marocaine fut la laur\u00e9ate de l&rsquo;\u00e9mission de t\u00e9l\u00e9r\u00e9alit\u00e9 libanaise X-Factor.\u00a0<\/p>\n<p>Cette deuxi\u00e8me soir\u00e9e de concert a \u00e9t\u00e9 entam\u00e9e par le groupe chr\u00e9tien ivoirien Eden, avant l&rsquo;intervention de Rajaa. A la suite de la star marocaine, a prest\u00e9 la Sud Africaine Zahara dans des titres enlev\u00e9s.\u00a0<\/p>\n<p>Ensuite, se produira Mala Rodriguez de l&rsquo;Espagne. Le S\u00e9n\u00e9galais Pape Diouf, dont le pays est l&rsquo;invit\u00e9 d&rsquo;honneur au FEMUA 13, a enflamm\u00e9 le public qui s&rsquo;est d\u00e9lect\u00e9 de notes rythm\u00e9es et cadenc\u00e9es.\u00a0<\/p>\n<p>Le groupe Magic Diesel, qui fait du Zouglou, un rythme musical tr\u00e8s pris\u00e9 en C\u00f4te d&rsquo;Ivoire, a boucl\u00e9 les prestations au petit matin, dans la ferveur et une ambiance \u00e9lectrique.\u00a0<\/p>\n<p>La 13e \u00e9dition du Festival des musiques urbaines d&rsquo;Anoumabo (FEMUA) s&rsquo;est ouverte mardi \u00e0 Abidjan autour du th\u00e8me \u00ab\u00a0Alliance Afrique-Europe: paix et d\u00e9veloppement\u00a0\u00bb. Elle s&rsquo;ach\u00e8ve le 12 septembre 2021.\u00a0<\/p>\n<p>D\u00e8s ic\u00f4nes de la musique europ\u00e9enne et africaine ont \u00e9t\u00e9 invit\u00e9es pour ce festival. Une vingtaine d&rsquo;artistes sont arriv\u00e9s pour ce festival musical, entre autres, Kofi Olomid\u00e9, David Carreira (Portugal) et Vegedream (France).<\/p>\n<p>Cet article <a rel=\"nofollow\" href=\"https:\/\/www.journalducameroun.com\/representation-fulgurante-de-la-marocaine-rajaa-kasabni-au-femua-13\/\">Repr\u00e9sentation fulgurante de la marocaine Rajaa Kasabni au FEMUA 13<\/a> est apparu en premier sur <a rel=\"nofollow\" href=\"https:\/\/www.journalducameroun.com\/\">Journal du Cameroun<\/a>.<\/p>\n<\/div>\n<p>Auteur: APA News<br \/>\n<a href=\"https:\/\/www.journalducameroun.com\/representation-fulgurante-de-la-marocaine-rajaa-kasabni-au-femua-13\/\">Cliquez ici pour lire l&rsquo;article depuis sa source.<\/a><\/p>\n","protected":false},"excerpt":{"rendered":"<p>La chanteuse marocaine, Rajaa Kasabni, a affich\u00e9 vendredi une repr\u00e9sentation fulgurante, \u00e0 la deuxi\u00e8me soir\u00e9e de concerts de la 13e \u00e9dition du Festival des musiques urbaines d&rsquo;Anoumabo (FEMUA). \u00ab\u00a0Bonjour Abidjan, I love you\u00a0\u00bb, a lanc\u00e9 l&rsquo;artiste marocaine \u00e0 l&rsquo;entame de sa prestation. Devant un public abidjanais jovial, Rajaa Kasabni a \u00e9grain\u00e9 des titres, dans un [&hellip;]<\/p>\n","protected":false},"author":1965,"featured_media":0,"comment_status":"closed","ping_status":"closed","sticky":false,"template":"","format":"standard","meta":{"fifu_image_url":"https:\/\/www.journalducameroun.com\/wp-content\/uploads\/2021\/09\/16313770819883.jpg","fifu_image_alt":"Repr\u00e9sentation fulgurante de la marocaine Rajaa Kasabni au FEMUA 13","footnotes":""},"categories":[73,82],"tags":[],"class_list":["post-126782","post","type-post","status-publish","format-standard","hentry","category-actualite","category-cameroun"],"_links":{"self":[{"href":"https:\/\/linitiative.ca\/International\/wp-json\/wp\/v2\/posts\/126782","targetHints":{"allow":["GET"]}}],"collection":[{"href":"https:\/\/linitiative.ca\/International\/wp-json\/wp\/v2\/posts"}],"about":[{"href":"https:\/\/linitiative.ca\/International\/wp-json\/wp\/v2\/types\/post"}],"author":[{"embeddable":true,"href":"https:\/\/linitiative.ca\/International\/wp-json\/wp\/v2\/users\/1965"}],"replies":[{"embeddable":true,"href":"https:\/\/linitiative.ca\/International\/wp-json\/wp\/v2\/comments?post=126782"}],"version-history":[{"count":0,"href":"https:\/\/linitiative.ca\/International\/wp-json\/wp\/v2\/posts\/126782\/revisions"}],"wp:attachment":[{"href":"https:\/\/linitiative.ca\/International\/wp-json\/wp\/v2\/media?parent=126782"}],"wp:term":[{"taxonomy":"category","embeddable":true,"href":"https:\/\/linitiative.ca\/International\/wp-json\/wp\/v2\/categories?post=126782"},{"taxonomy":"post_tag","embeddable":true,"href":"https:\/\/linitiative.ca\/International\/wp-json\/wp\/v2\/tags?post=126782"}],"curies":[{"name":"wp","href":"https:\/\/api.w.org\/{rel}","templated":true}]}}