{"id":126791,"date":"2021-09-12T08:12:45","date_gmt":"2021-09-12T12:12:45","guid":{"rendered":"https:\/\/linitiative.ca\/International\/alerte-meteo-fortes-rafales-de-vent-lundi-et-mardi\/"},"modified":"2021-09-12T08:12:45","modified_gmt":"2021-09-12T12:12:45","slug":"alerte-meteo-fortes-rafales-de-vent-lundi-et-mardi","status":"publish","type":"post","link":"https:\/\/linitiative.ca\/International\/alerte-meteo-fortes-rafales-de-vent-lundi-et-mardi\/","title":{"rendered":"Alerte m\u00e9t\u00e9o : Fortes rafales de vent lundi et mardi\u00a0"},"content":{"rendered":"<div>\n<p><img decoding=\"async\" width=\"300\" height=\"153\" src=\"https:\/\/linitiative.ca\/International\/wp-content\/uploads\/sites\/23\/2021\/09\/Fortes-rafale-300x153-1.jpg\" class=\"attachment-medium size-medium wp-post-image\" alt=\"\" loading=\"lazy\" srcset=\"\/\/aujourdhui.ma\/wp-content\/uploads\/2021\/09\/Fortes-rafale-300x153.jpg 300w, \/\/aujourdhui.ma\/wp-content\/uploads\/2021\/09\/Fortes-rafale-274x140.jpg 274w, \/\/aujourdhui.ma\/wp-content\/uploads\/2021\/09\/Fortes-rafale.jpg 746w, \/\/aujourdhui.ma\/wp-content\/uploads\/2021\/09\/Fortes-rafale-165x84.jpg 165w, \/\/aujourdhui.ma\/wp-content\/uploads\/2021\/09\/Fortes-rafale-702x358.jpg 702w\" sizes=\"auto, (max-width: 300px) 100vw, 300px\"><\/p>\n<p><span style=\"color: #800000;\"><strong>Des fortes rafales de vent sont attendues lundi et mardi dans plusieurs provinces du Royaume, a annonc\u00e9 dimanche la Direction g\u00e9n\u00e9rale de la m\u00e9t\u00e9orologie (DGM).<\/strong><\/span><span id=\"more-386433\"><\/span><\/p>\n<p>Ainsi, des fortes rafales de vent (75\/90 km\/h) int\u00e9resseront lundi de 10h \u00e0 21h les provinces d\u2019Al Hoceima, Benslimane, Berrechid, Casablanca, Chefchaouen, Chichaoua, Driouch, El Hajeb, F\u00e8s, Fquih Ben Salah, Khemisset, Khouribga, M\u00e9diouna, Mekn\u00e8s, Mohammedia et Moulay Yacoub, a pr\u00e9cis\u00e9 la DGM dans un bulletin sp\u00e9cial (niveau de vigilance orange).<\/p>\n<p>Il s\u2019agit aussi des provinces de Nouaceur, Ouezzane, Rabat, Rehamna, Sal\u00e9, Sefrou, Settat, Sidi Kacem, Sidi Slimane, Skhirate-T\u00e9mara, Taounate, Taza et Youssoufia, a ajout\u00e9 la m\u00eame source, faisant savoir que ces rafales de vent seront accompagn\u00e9es par des chasses sable par endroits.<\/p>\n<p>Des rafales de vent assez fortes (50 \u00e0 70 km\/h) int\u00e9resseront la journ\u00e9e de mardi le Nord-ouest, le Sud-est et le Sud de l\u2019Oriental, selon la DGM.<\/p>\n<\/div>\n<p>Auteur: ALM<br \/>\n<a href=\"https:\/\/aujourdhui.ma\/actualite\/alerte-meteo-fortes-rafales-de-vent-lundi-et-mardi\">Cliquez ici pour lire l&rsquo;article depuis sa source.<\/a><\/p>\n","protected":false},"excerpt":{"rendered":"<p>Des fortes rafales de vent sont attendues lundi et mardi dans plusieurs provinces du Royaume, a annonc\u00e9 dimanche la Direction g\u00e9n\u00e9rale de la m\u00e9t\u00e9orologie (DGM). Ainsi, des fortes rafales de vent (75\/90 km\/h) int\u00e9resseront lundi de 10h \u00e0 21h les provinces d\u2019Al Hoceima, Benslimane, Berrechid, Casablanca, Chefchaouen, Chichaoua, Driouch, El Hajeb, F\u00e8s, Fquih Ben Salah, [&hellip;]<\/p>\n","protected":false},"author":1759,"featured_media":0,"comment_status":"closed","ping_status":"closed","sticky":false,"template":"","format":"standard","meta":{"fifu_image_url":"https:\/\/aujourdhui.ma\/wp-content\/uploads\/2021\/09\/Fortes-rafale-300x153.jpg","fifu_image_alt":"Alerte m\u00e9t\u00e9o : Fortes rafales de vent lundi et mardi\u00a0","footnotes":""},"categories":[73,54],"tags":[],"class_list":["post-126791","post","type-post","status-publish","format-standard","hentry","category-actualite","category-maroc"],"_links":{"self":[{"href":"https:\/\/linitiative.ca\/International\/wp-json\/wp\/v2\/posts\/126791","targetHints":{"allow":["GET"]}}],"collection":[{"href":"https:\/\/linitiative.ca\/International\/wp-json\/wp\/v2\/posts"}],"about":[{"href":"https:\/\/linitiative.ca\/International\/wp-json\/wp\/v2\/types\/post"}],"author":[{"embeddable":true,"href":"https:\/\/linitiative.ca\/International\/wp-json\/wp\/v2\/users\/1759"}],"replies":[{"embeddable":true,"href":"https:\/\/linitiative.ca\/International\/wp-json\/wp\/v2\/comments?post=126791"}],"version-history":[{"count":0,"href":"https:\/\/linitiative.ca\/International\/wp-json\/wp\/v2\/posts\/126791\/revisions"}],"wp:attachment":[{"href":"https:\/\/linitiative.ca\/International\/wp-json\/wp\/v2\/media?parent=126791"}],"wp:term":[{"taxonomy":"category","embeddable":true,"href":"https:\/\/linitiative.ca\/International\/wp-json\/wp\/v2\/categories?post=126791"},{"taxonomy":"post_tag","embeddable":true,"href":"https:\/\/linitiative.ca\/International\/wp-json\/wp\/v2\/tags?post=126791"}],"curies":[{"name":"wp","href":"https:\/\/api.w.org\/{rel}","templated":true}]}}