{"id":126795,"date":"2021-09-12T10:05:02","date_gmt":"2021-09-12T14:05:02","guid":{"rendered":"https:\/\/linitiative.ca\/International\/deux-camionneurs-marocains-tues-et-un-autre-blesse-par-des-elements-armes-au-mali\/"},"modified":"2021-09-12T10:05:02","modified_gmt":"2021-09-12T14:05:02","slug":"deux-camionneurs-marocains-tues-et-un-autre-blesse-par-des-elements-armes-au-mali","status":"publish","type":"post","link":"https:\/\/linitiative.ca\/International\/deux-camionneurs-marocains-tues-et-un-autre-blesse-par-des-elements-armes-au-mali\/","title":{"rendered":"Deux camionneurs marocains tu\u00e9s et un autre bless\u00e9 par des \u00e9l\u00e9ments arm\u00e9s au Mali"},"content":{"rendered":"<div>\n<p class=\"has-text-align-center has-vivid-red-color has-text-color\">Selon de l\u2019ambassade du Maroc \u00e0 Bamako<\/p>\n<p class=\"has-vivid-cyan-blue-color has-text-color\"><strong>Deux camionneurs marocains ont \u00e9t\u00e9 tu\u00e9s et un autre a \u00e9t\u00e9 bless\u00e9, samedi au Mali, par des hommes arm\u00e9s, a-t-on appris aupr\u00e8s de l\u2019ambassade du Maroc \u00e0 Bamako, ajoutant qu\u2019un quatri\u00e8me chauffeur a surv\u00e9cu \u00e0 cette attaque.<\/strong><\/p>\n<p>L\u2019incident a eu lieu au niveau de la commune de Didi\u00e9ni, situ\u00e9e \u00e0 environ 300 Km de Bamako, lorsque les chauffeurs marocains se dirigeaient vers la capitale malienne \u00e0 bord de camions transportant des marchandises, avant qu\u2019ils ne soient attaqu\u00e9s par balles par un groupe d\u2019\u00e9l\u00e9ments arm\u00e9s qui se cachaient derri\u00e8re les arbres au bord de la route, indique-t-on de m\u00eame source.<\/p>\n<p>Le chauffeur bless\u00e9, dont l\u2019\u00e9tat de sant\u00e9 ne suscite pas d\u2019inqui\u00e9tude, a \u00e9t\u00e9 transf\u00e9r\u00e9 vers un h\u00f4pital local pour recevoir les soins n\u00e9cessaires.<\/p>\n<p>Selon des t\u00e9moins, les assaillants \u00e9taient cagoul\u00e9s, portaient des gilets pare-balles et disposaient d\u2019appareils de communication sans fil. Apr\u00e8s avoir commis leur crime, ils ont quitt\u00e9 les lieux sans voler le moindre objet des victimes.<\/p>\n<p>L\u2019ambassade du Maroc \u00e0 Bamako est en contact avec les autorit\u00e9s comp\u00e9tentes dans les deux pays, ainsi qu\u2019avec les proches des chauffeurs marocains pour prendre les dispositions n\u00e9cessaires dans de telles situations, dont la demande d\u2019ouverture d\u2019une enqu\u00eate par les autorit\u00e9s maliennes afin d\u2019\u00e9lucider les circonstances de cette attaque, et la prise de mesures qui s\u2019imposent.<\/p>\n<p>Les d\u00e9pouilles des deux victimes sont actuellement achemin\u00e9es vers Bamako, selon la m\u00eame source.<\/p>\n<p>L\u2019article <a rel=\"nofollow\" href=\"http:\/\/albayane.press.ma\/deux-camionneurs-marocains-tues-et-un-autre-blesse-par-des-elements-armes-au-mali.html\">Deux camionneurs marocains tu\u00e9s et un autre bless\u00e9 par des \u00e9l\u00e9ments arm\u00e9s au Mali<\/a> est apparu en premier sur <a rel=\"nofollow\" href=\"http:\/\/albayane.press.ma\/\">ALBAYANE<\/a>.<\/p>\n<\/div>\n<p>Auteur: M&rsquo;hammed rahal<br \/>\n<a href=\"http:\/\/albayane.press.ma\/deux-camionneurs-marocains-tues-et-un-autre-blesse-par-des-elements-armes-au-mali.html\">Cliquez ici pour lire l&rsquo;article depuis sa source.<\/a><\/p>\n","protected":false},"excerpt":{"rendered":"<p>Selon de l\u2019ambassade du Maroc \u00e0 Bamako Deux camionneurs marocains ont \u00e9t\u00e9 tu\u00e9s et un autre a \u00e9t\u00e9 bless\u00e9, samedi au Mali, par des hommes arm\u00e9s, a-t-on appris aupr\u00e8s de l\u2019ambassade du Maroc \u00e0 Bamako, ajoutant qu\u2019un quatri\u00e8me chauffeur a surv\u00e9cu \u00e0 cette attaque. L\u2019incident a eu lieu au niveau de la commune de Didi\u00e9ni, [&hellip;]<\/p>\n","protected":false},"author":1760,"featured_media":0,"comment_status":"closed","ping_status":"closed","sticky":false,"template":"","format":"standard","meta":{"fifu_image_url":"","fifu_image_alt":"","footnotes":""},"categories":[73,54],"tags":[],"class_list":["post-126795","post","type-post","status-publish","format-standard","hentry","category-actualite","category-maroc"],"_links":{"self":[{"href":"https:\/\/linitiative.ca\/International\/wp-json\/wp\/v2\/posts\/126795","targetHints":{"allow":["GET"]}}],"collection":[{"href":"https:\/\/linitiative.ca\/International\/wp-json\/wp\/v2\/posts"}],"about":[{"href":"https:\/\/linitiative.ca\/International\/wp-json\/wp\/v2\/types\/post"}],"author":[{"embeddable":true,"href":"https:\/\/linitiative.ca\/International\/wp-json\/wp\/v2\/users\/1760"}],"replies":[{"embeddable":true,"href":"https:\/\/linitiative.ca\/International\/wp-json\/wp\/v2\/comments?post=126795"}],"version-history":[{"count":0,"href":"https:\/\/linitiative.ca\/International\/wp-json\/wp\/v2\/posts\/126795\/revisions"}],"wp:attachment":[{"href":"https:\/\/linitiative.ca\/International\/wp-json\/wp\/v2\/media?parent=126795"}],"wp:term":[{"taxonomy":"category","embeddable":true,"href":"https:\/\/linitiative.ca\/International\/wp-json\/wp\/v2\/categories?post=126795"},{"taxonomy":"post_tag","embeddable":true,"href":"https:\/\/linitiative.ca\/International\/wp-json\/wp\/v2\/tags?post=126795"}],"curies":[{"name":"wp","href":"https:\/\/api.w.org\/{rel}","templated":true}]}}