{"id":126797,"date":"2021-09-12T10:19:15","date_gmt":"2021-09-12T14:19:15","guid":{"rendered":"https:\/\/linitiative.ca\/International\/debut-du-depot-des-candidatures-pour-lelection-des-presidents-des-assemblees-territoriales\/"},"modified":"2021-09-12T10:19:15","modified_gmt":"2021-09-12T14:19:15","slug":"debut-du-depot-des-candidatures-pour-lelection-des-presidents-des-assemblees-territoriales","status":"publish","type":"post","link":"https:\/\/linitiative.ca\/International\/debut-du-depot-des-candidatures-pour-lelection-des-presidents-des-assemblees-territoriales\/","title":{"rendered":"D\u00e9but du d\u00e9p\u00f4t des candidatures pour l\u2019\u00e9lection des pr\u00e9sidents des assembl\u00e9es territoriales"},"content":{"rendered":"<div>\n<p class=\"has-text-align-center has-vivid-red-color has-text-color\"><strong>R\u00e9gion Casablanca-Settat<\/strong><\/p>\n<p class=\"has-text-color\" style=\"color:#065de5\"><strong>Le d\u00e9p\u00f4t des candidatures pour l\u2019\u00e9lection des pr\u00e9sidents des Conseils de la r\u00e9gion et de la commune et des membres du Conseil de la pr\u00e9fecture de Casablanca, a d\u00e9but\u00e9 samedi au niveau de la r\u00e9gion Casablanca-Settat.<\/strong><\/p>\n<p>La date de d\u00e9p\u00f4t des candidatures a \u00e9t\u00e9 fix\u00e9e du samedi 11 septembre au mercredi 15 septembre. La tenue de la s\u00e9ance d\u2019\u00e9lection du pr\u00e9sident, des vice-pr\u00e9sidents, du secr\u00e9taire du Conseil et de son adjoint se d\u00e9roulera du 16 au 25 septembre 2021, conform\u00e9ment aux dispositions de la loi organique n\u00b0 111.14 relative aux r\u00e9gions et de la loi organique n\u00b0 113.14 relative aux communes.<\/p>\n<p>Une source de la wilaya de la r\u00e9gion a indiqu\u00e9 que le d\u00e9p\u00f4t des candidatures pour le poste de pr\u00e9sident du Conseil de la r\u00e9gion Casablanca-Settat, concerne les membres issus des cinq partis en t\u00eate des \u00e9lections r\u00e9gionales.<\/p>\n<p>Selon les r\u00e9sultats des \u00e9lections du conseil r\u00e9gional de Casablanca-Settat tenues le 8 septembre, le Rassemblement national des ind\u00e9pendants (RNI) est arriv\u00e9 en t\u00eate en remportant 26 si\u00e8ges sur un total de 75 si\u00e8ges que compte la r\u00e9gion.<\/p>\n<p>Le Parti authenticit\u00e9 et modernit\u00e9 (PAM) est arriv\u00e9 en deuxi\u00e8me position avec 20 si\u00e8ges, suivi du Parti de l\u2019Istiqlal (PI) avec 19 si\u00e8ges.<\/p>\n<p>L\u2019Union constitutionnelle (UC) a remport\u00e9 4 si\u00e8ges, tandis que l\u2019Union socialiste des forces populaires (USFP), le Parti du progr\u00e8s et du socialisme (PPS) le Parti de la justice et du d\u00e9veloppement (PJD) ont obtenu 2 si\u00e8ges chacun.<\/p>\n<p>En ce qui concerne l\u2019\u00e9lection du pr\u00e9sident du Conseil communal de Casablanca et du Bureau dirigeant dont les vice-pr\u00e9sidents, ainsi que l\u2019\u00e9lection du secr\u00e9taire du Conseil et ses adjoints, elle se d\u00e9roulera selon la m\u00eame proc\u00e9dure que celle pour l\u2019\u00e9lection du pr\u00e9sident de la r\u00e9gion.<\/p>\n<p>Les candidats souhaitant se pr\u00e9senter sont issus des cinq partis en t\u00eate des \u00e9lections des membres du Conseil. Le RNI a obtenu 41 si\u00e8ges sur un total de 131 si\u00e8ges au Conseil, suivi du PAM avec 26 si\u00e8ges, le PI (23 si\u00e8ges), le PJD (18 si\u00e8ges) et l\u2019UC (11 si\u00e8ges).<\/p>\n<p>Le d\u00e9lai imparti au d\u00e9p\u00f4t des candidatures pour l\u2019\u00e9lection des membres du Conseil de la pr\u00e9fecture de Casablanca s\u2019\u00e9tend du samedi 11 septembre jusqu\u2019au lundi 13 septembre \u00e0 midi.<br \/>Les \u00e9lections des membres des Conseils des pr\u00e9fectures et des provinces se d\u00e9rouleront le mardi 21 septembre.<\/p>\n<p>L\u2019article <a rel=\"nofollow\" href=\"http:\/\/albayane.press.ma\/debut-du-depot-des-candidatures-pour-lelection-des-presidents-des-assemblees-territoriales.html\">D\u00e9but du d\u00e9p\u00f4t des candidatures pour l\u2019\u00e9lection des pr\u00e9sidents des assembl\u00e9es territoriales<\/a> est apparu en premier sur <a rel=\"nofollow\" href=\"http:\/\/albayane.press.ma\/\">ALBAYANE<\/a>.<\/p>\n<\/div>\n<p>Auteur: M&rsquo;hammed rahal<br \/>\n<a href=\"http:\/\/albayane.press.ma\/debut-du-depot-des-candidatures-pour-lelection-des-presidents-des-assemblees-territoriales.html\">Cliquez ici pour lire l&rsquo;article depuis sa source.<\/a><\/p>\n","protected":false},"excerpt":{"rendered":"<p>R\u00e9gion Casablanca-Settat Le d\u00e9p\u00f4t des candidatures pour l\u2019\u00e9lection des pr\u00e9sidents des Conseils de la r\u00e9gion et de la commune et des membres du Conseil de la pr\u00e9fecture de Casablanca, a d\u00e9but\u00e9 samedi au niveau de la r\u00e9gion Casablanca-Settat. La date de d\u00e9p\u00f4t des candidatures a \u00e9t\u00e9 fix\u00e9e du samedi 11 septembre au mercredi 15 septembre. [&hellip;]<\/p>\n","protected":false},"author":1760,"featured_media":0,"comment_status":"closed","ping_status":"closed","sticky":false,"template":"","format":"standard","meta":{"fifu_image_url":"","fifu_image_alt":"","footnotes":""},"categories":[73,54],"tags":[],"class_list":["post-126797","post","type-post","status-publish","format-standard","hentry","category-actualite","category-maroc"],"_links":{"self":[{"href":"https:\/\/linitiative.ca\/International\/wp-json\/wp\/v2\/posts\/126797","targetHints":{"allow":["GET"]}}],"collection":[{"href":"https:\/\/linitiative.ca\/International\/wp-json\/wp\/v2\/posts"}],"about":[{"href":"https:\/\/linitiative.ca\/International\/wp-json\/wp\/v2\/types\/post"}],"author":[{"embeddable":true,"href":"https:\/\/linitiative.ca\/International\/wp-json\/wp\/v2\/users\/1760"}],"replies":[{"embeddable":true,"href":"https:\/\/linitiative.ca\/International\/wp-json\/wp\/v2\/comments?post=126797"}],"version-history":[{"count":0,"href":"https:\/\/linitiative.ca\/International\/wp-json\/wp\/v2\/posts\/126797\/revisions"}],"wp:attachment":[{"href":"https:\/\/linitiative.ca\/International\/wp-json\/wp\/v2\/media?parent=126797"}],"wp:term":[{"taxonomy":"category","embeddable":true,"href":"https:\/\/linitiative.ca\/International\/wp-json\/wp\/v2\/categories?post=126797"},{"taxonomy":"post_tag","embeddable":true,"href":"https:\/\/linitiative.ca\/International\/wp-json\/wp\/v2\/tags?post=126797"}],"curies":[{"name":"wp","href":"https:\/\/api.w.org\/{rel}","templated":true}]}}