{"id":126798,"date":"2021-09-12T10:25:53","date_gmt":"2021-09-12T14:25:53","guid":{"rendered":"https:\/\/linitiative.ca\/International\/plaidoyer-pour-une-repartition-equitable-des-ressources-humaines\/"},"modified":"2021-09-12T10:25:53","modified_gmt":"2021-09-12T14:25:53","slug":"plaidoyer-pour-une-repartition-equitable-des-ressources-humaines","status":"publish","type":"post","link":"https:\/\/linitiative.ca\/International\/plaidoyer-pour-une-repartition-equitable-des-ressources-humaines\/","title":{"rendered":"Plaidoyer pour une r\u00e9partition \u00e9quitable des ressources humaines"},"content":{"rendered":"<div>\n<p class=\"has-text-align-center has-vivid-red-color has-text-color\"><strong>D\u00e9mographie m\u00e9dicale<\/strong><\/p>\n<p class=\"has-text-align-right\"><strong>Ouardirhi Abdelaziz<\/strong><\/p>\n<p class=\"has-vivid-cyan-blue-color has-text-color\"><strong>Notre syst\u00e8me de sant\u00e9 souffre de moult maux, mais ce qui est tr\u00e8s inqui\u00e9tant: c\u2019est la p\u00e9nurie de ressources humaines. Il y a un manque cruel de m\u00e9decins et d\u2019infirmiers. Et plus pr\u00e9occupant, c\u2019est l\u2019iniquit\u00e9 flagrante concernant la r\u00e9partition de ces m\u00eames ressources humaines sur l\u2019ensemble du territoire national. Il y a une pl\u00e9thore de m\u00e9decins et infirmiers au niveau de certaines r\u00e9gions, au niveau de certains h\u00f4pitaux et services. Cependant ailleurs, il y a un d\u00e9sert m\u00e9dical.<\/strong><\/p>\n<p>Autrement dit, il s\u2019agit de r\u00e9partir \u00e9quitablement les ressources humaines du d\u00e9partement de la Sant\u00e9 (m\u00e9decins infirmiers..) sur l\u2019ensemble du territoire national, sur l\u2019ensemble des infrastructures sanitaires, des h\u00f4pitaux, des centres de sant\u00e9, des dispensaires, afin de corriger les disparit\u00e9s existantes, des disparit\u00e9s qui p\u00e9nalisent surtout les r\u00e9gions sous m\u00e9dicalis\u00e9es, l\u00e0 o\u00f9 il n\u2019y a ni m\u00e9decin, ni infirmier, ni dispensaire\u2026<\/p>\n<p class=\"has-vivid-red-color has-text-color\"><strong>Des chiffres \u00e0 connaitre<\/strong><\/p>\n<p>Si on se r\u00e9f\u00e8re aux chiffres officiels de 2020, nous relevons que les m\u00e9decins exer\u00e7ant au niveau des \u00e9tablissements publics de sant\u00e9 sont au nombre de\u00a0 12.454 dont 3.616 g\u00e9n\u00e9ralistes, 8.337 sp\u00e9cialistes, 323 dentistes et 178 pharmaciens.<\/p>\n<p>S\u2019agissant du secteur priv\u00e9, on rel\u00e8ve 5.182 m\u00e9decins g\u00e9n\u00e9ralistes et 8.440 m\u00e9decins sp\u00e9cialistes, ce qui repr\u00e9sente un total de 13.622 m\u00e9decins.<\/p>\n<p>Au total, le Maroc compte 25.575 m\u00e9decins dans le public et priv\u00e9. Pour une population de 36 millions d\u2019habitants, le ratio est de 7,1 m\u00e9decins pour 10.000 habitants.<\/p>\n<p>Le Maroc est encore tr\u00e8s loin du standard de l\u2019Organisation mondiale de la sant\u00e9 (OMS) fix\u00e9 \u00e0 15,3 m\u00e9decins pour 10.000 habitants.<\/p>\n<p>Ce n\u2019est un secret pour personne de dire que notre syst\u00e8me de sant\u00e9 souffre d\u2019un manque cruel en ressources humaines. Ce constat est fait depuis des d\u00e9cennies et plus exactement depuis les ann\u00e9es 80, mais aucune solution n\u2019a pu voir le jour jusqu\u2019\u00e0 pr\u00e9sent. S\u2019agissant du personnel infirmier et des techniciens de sant\u00e9, qui exercent dans le secteur public, leur nombre est de 33.837 dont 15.087 infirmiers polyvalents et 4.943 sages-femmes.<\/p>\n<p>Le grand probl\u00e8me ou plut\u00f4t l\u2019handicap dont souffre notre syst\u00e8me est double. Il y a une p\u00e9nurie des ressources humaines, ca c\u2019est un fait, une r\u00e9alit\u00e9 p\u00e9nalisante et choquante. Mais plus grave, c\u2019est la mauvaise r\u00e9partition de ces m\u00eames ressources humaines sur l\u2019ensemble des r\u00e9gions du Maroc.<\/p>\n<p>Dans le public, la r\u00e9partition par r\u00e9gion montre que les professionnels de sant\u00e9 m\u00e9dicaux sont concentr\u00e9s essentiellement dans la r\u00e9gion de Casablanca-Settat o\u00f9 leur nombre se chiffre \u00e0 3.171, y compris les r\u00e9gions de Marrakech-Safi (1.876), F\u00e8s-Mekn\u00e8s (1.725), Rabat-Sal\u00e9-K\u00e9nitra (1.676), Oriental (1.153), Tanger-T\u00e9touan-Al Hoceima (852).<\/p>\n<p class=\"has-vivid-red-color has-text-color\"><strong>Le droit \u00e0 la sant\u00e9 pour tous<\/strong><\/p>\n<p>La sant\u00e9 est un enjeu de justice. A l\u2019\u00e9vidence, personne ne peut dire le contraire. Dans les plus grande d\u00e9mocraties du monde, les prestations de sant\u00e9 mises \u00e0 la disposition de l\u2019ensemble des habitants sont les m\u00eames pour tous, ind\u00e9pendamment du lieu o\u00f9 ils habitent. C\u2019est un haut degr\u00e9 de civilisation que d\u2019investir dans la sant\u00e9 des individus peu importe leur statut social, leurs moyens ou lieu de r\u00e9sidence. C\u2019est la plus belle le\u00e7on de justice sociale qui puisse exister. Qu\u2019il s\u2019agisse des probl\u00e8mes li\u00e9s \u00e0 une juste r\u00e9partition des moyens humains ou mat\u00e9riels, de pr\u00e9vention ou d\u2019une distribution \u00e9quitable des soins. C\u2019est un droit de la personne humaine comme le pr\u00e9cise la charte universelle des droits de l\u2019homme. En tant que tel, ce droit doit en principe \u00eatre le m\u00eame pour tous, sans distinction aucune.<\/p>\n<p>Au Maroc, la sant\u00e9 des citoyens est du ressort du minist\u00e8re de la Sant\u00e9 qui en assume la charge. Si ce minist\u00e8re n\u2019arrive pas \u00e0 assumer pleinement ses responsabilit\u00e9s ou qu\u2019il faillit \u00e0 ses pr\u00e9rogatives, il doit en principe en assumer totalement la responsabilit\u00e9. Dans ces conditions, on est en droit de se poser certaines questions : la r\u00e9partition des m\u00e9decins ob\u00e9it-elle \u00e0 des crit\u00e8res?<\/p>\n<p>Si oui, on serait curieux de savoir pourquoi il y a une pl\u00e9thore de m\u00e9decins sp\u00e9cialistes en gastro-ent\u00e9rologie, en m\u00e9decine interne, des traumatologues, des gyn\u00e9cologues \u00e0 Rabat et Casablanca (dans le secteur public), alors qu\u2019ailleurs il y a un manque cruel de ces m\u00eames ressources humaines. N\u2019est-ce pas l\u00e0 une forme d\u2019injustice?<\/p>\n<p class=\"has-vivid-red-color has-text-color\"><strong>Un syst\u00e8me solidaire et \u00e9galitaire<\/strong><\/p>\n<p>Nous sommes tous conscients qu\u2019un tr\u00e8s grand nombre de nos concitoyens rencontrent aujourd\u2019hui de r\u00e9elles difficult\u00e9s pour acc\u00e9der aux soins, que ce soit pour trouver un m\u00e9decin g\u00e9n\u00e9raliste, un sp\u00e9cialiste ou un professionnel de sant\u00e9. Cette situation est quotidiennement v\u00e9cue par les habitants des zones difficiles d\u2019acc\u00e8s et parfois m\u00eame en milieu urbain. Y a-t-il plus grande injustice que celle de ne pouvoir \u00eatre soign\u00e9 quand on est malade?<\/p>\n<p>Que peut ressentir un homme qui assiste impuissant \u00e0 l\u2019agonie de sa femme parce qu\u2019il n\u2019y a pas de gyn\u00e9cologue pour pratiquer une c\u00e9sarienne ? Quel peut \u00eatre l\u2019\u00e9tat d\u2019\u00e2me d\u2019un citoyen oblig\u00e9 de faire des dizaines de kilom\u00e8tres \u00e0 dos d\u2019\u00e2ne pour se rendre au dispensaire le plus proche, surtout en cas de morsure de scorpion?<\/p>\n<p>Le probl\u00e8me de la mauvaise r\u00e9partition des m\u00e9decins sur l\u2019ensemble du territoire national est encore pos\u00e9 en 2021. Il est vrai que plusieurs ministres se sont essay\u00e9s pour rem\u00e9dier \u00e0 cette anomalie, mais sans r\u00e9sultat. Si rien de concret n\u2019est entrepris, ce probl\u00e8me ne fera qu\u2019empirer dans les ann\u00e9es \u00e0 venir.<\/p>\n<p>Il n\u2019y a pas de fatalit\u00e9 \u00e0 voir appara\u00eetre les d\u00e9serts m\u00e9dicaux comme ils en existent aujourd\u2019hui, surtout en milieu rural. C\u2019est donc pour rem\u00e9dier \u00e0 toutes ces in\u00e9galit\u00e9s, pour mettre un terme \u00e0 toutes ces inqui\u00e9tudes qu\u2019il va falloir opter, une bonne fois pour toutes, pour la transparence dans l\u2019affectation des ressources humaines l\u00e0 o\u00f9 le besoin est r\u00e9el afin de mettre en place un syst\u00e8me d\u2019acc\u00e8s aux soins le plus juste possible.<\/p>\n<p>L\u2019article <a rel=\"nofollow\" href=\"http:\/\/albayane.press.ma\/plaidoyer-pour-une-repartition-equitable-des-ressources-humaines.html\">Plaidoyer pour une r\u00e9partition \u00e9quitable des ressources humaines<\/a> est apparu en premier sur <a rel=\"nofollow\" href=\"http:\/\/albayane.press.ma\/\">ALBAYANE<\/a>.<\/p>\n<\/div>\n<p>Auteur: M&rsquo;hammed rahal<br \/>\n<a href=\"http:\/\/albayane.press.ma\/plaidoyer-pour-une-repartition-equitable-des-ressources-humaines.html\">Cliquez ici pour lire l&rsquo;article depuis sa source.<\/a><\/p>\n","protected":false},"excerpt":{"rendered":"<p>D\u00e9mographie m\u00e9dicale Ouardirhi Abdelaziz Notre syst\u00e8me de sant\u00e9 souffre de moult maux, mais ce qui est tr\u00e8s inqui\u00e9tant: c\u2019est la p\u00e9nurie de ressources humaines. Il y a un manque cruel de m\u00e9decins et d\u2019infirmiers. Et plus pr\u00e9occupant, c\u2019est l\u2019iniquit\u00e9 flagrante concernant la r\u00e9partition de ces m\u00eames ressources humaines sur l\u2019ensemble du territoire national. Il y [&hellip;]<\/p>\n","protected":false},"author":1760,"featured_media":0,"comment_status":"closed","ping_status":"closed","sticky":false,"template":"","format":"standard","meta":{"fifu_image_url":"","fifu_image_alt":"","footnotes":""},"categories":[73,54],"tags":[],"class_list":["post-126798","post","type-post","status-publish","format-standard","hentry","category-actualite","category-maroc"],"_links":{"self":[{"href":"https:\/\/linitiative.ca\/International\/wp-json\/wp\/v2\/posts\/126798","targetHints":{"allow":["GET"]}}],"collection":[{"href":"https:\/\/linitiative.ca\/International\/wp-json\/wp\/v2\/posts"}],"about":[{"href":"https:\/\/linitiative.ca\/International\/wp-json\/wp\/v2\/types\/post"}],"author":[{"embeddable":true,"href":"https:\/\/linitiative.ca\/International\/wp-json\/wp\/v2\/users\/1760"}],"replies":[{"embeddable":true,"href":"https:\/\/linitiative.ca\/International\/wp-json\/wp\/v2\/comments?post=126798"}],"version-history":[{"count":0,"href":"https:\/\/linitiative.ca\/International\/wp-json\/wp\/v2\/posts\/126798\/revisions"}],"wp:attachment":[{"href":"https:\/\/linitiative.ca\/International\/wp-json\/wp\/v2\/media?parent=126798"}],"wp:term":[{"taxonomy":"category","embeddable":true,"href":"https:\/\/linitiative.ca\/International\/wp-json\/wp\/v2\/categories?post=126798"},{"taxonomy":"post_tag","embeddable":true,"href":"https:\/\/linitiative.ca\/International\/wp-json\/wp\/v2\/tags?post=126798"}],"curies":[{"name":"wp","href":"https:\/\/api.w.org\/{rel}","templated":true}]}}