{"id":126799,"date":"2021-09-12T11:26:01","date_gmt":"2021-09-12T15:26:01","guid":{"rendered":"https:\/\/linitiative.ca\/International\/les-professionnels-envisagent-de-mener-des-actions-militantes\/"},"modified":"2021-09-12T11:26:01","modified_gmt":"2021-09-12T15:26:01","slug":"les-professionnels-envisagent-de-mener-des-actions-militantes","status":"publish","type":"post","link":"https:\/\/linitiative.ca\/International\/les-professionnels-envisagent-de-mener-des-actions-militantes\/","title":{"rendered":"Les professionnels envisagent de mener des actions militantes"},"content":{"rendered":"<div>\n<p class=\"has-text-align-center has-vivid-red-color has-text-color\"><strong>Transport touristique<\/strong><\/p>\n<p class=\"has-text-align-right\"><strong>Khalid Darfaf<\/strong><\/p>\n<p class=\"has-vivid-cyan-blue-color has-text-color\">Alors que les tractations pour la formation du prochain gouvernement viennent de commencer,\u00a0 la F\u00e9d\u00e9ration nationale du transport <strong>touristique <\/strong>au Maroc (FNTT-Maroc) envisage d\u2019organiser un sit-in pr\u00e9ventif, vendredi 24 septembre pour faire aboutir le dossier revendicatif des professionnels du secteur.<\/p>\n<p>Selon la m\u00eame source, cette manifestation se d\u00e9roulera dans plusieurs villes du Maroc, notamment Marrakech, Agadir, F\u00e8s et le Sud oriental. La FNTT-Maroc pr\u00e9voit, en outre, de recourir \u00e0 d\u2019autres formes de protestation au cas o\u00f9 l\u2019Ex\u00e9cutif n\u2019interagirait pas positivement avec les requ\u00eates des professionnels.<\/p>\n<p>\u00abNous exprimons notre volont\u00e9 pour la mise en place d\u2019un dialogue s\u00e9rieux et responsable et nous esp\u00e9rons que le prochain gouvernement fera preuve d\u2019une d\u00e9marche d\u2019\u00e9coute en s\u2019attaquant de front \u00e0 notre dossier\u00bb, a soulign\u00e9 Mohamed Ba Mansour, joint par Al Bayane. Et de poursuivre\u00a0: \u00abdans le cas contraire, nous allons nous mobiliser pour l\u2019organisation d\u2019un sit-in de protestation \u00e0 Rabat, le 29 du mois courant et qui connaitra la participation de tous les acteurs du secteur\u00bb.<\/p>\n<p>Il faut dire que depuis le d\u00e9but de la crise pand\u00e9mique, le secteur du transport touristique est toujours en plein marasme. D\u2019ailleurs, plusieurs entreprises ont \u00e9t\u00e9 contraintes de mettre la cl\u00e9 sous le paillasson.<\/p>\n<p>En sus de cela, \u00a0toutes les initiatives visant \u00e0 donner en bouff\u00e9e d\u2019oxyg\u00e8ne au secteur sont rest\u00e9es lettre mort.\u00a0 En fait, la FNNT-Maroc reproche au minist\u00e8re de l\u2019Economie et des Finances et qui pr\u00e9side \u00e9galement le Comit\u00e9 de veille \u00e9conomique (CVE), son manque de r\u00e9activit\u00e9 face \u00e0 l\u2019ensemble des demandes des professionnels.<\/p>\n<p>Abordant dans le m\u00eame ordre d\u2019id\u00e9es, Mohamed Ba Mansour souligne que \u00ab\u00a0le gouvernement sortant n\u2019a su bien g\u00e9rer ce dossier \u00bb, avant de mettre l\u2019accent sur le fait que \u00ab\u00a0tous les points contenus dans le dossier revendicatif n\u2019ont pas trouv\u00e9 un traitement favorable aupr\u00e8s des d\u00e9cideurs, \u00e0 savoir l\u2019exon\u00e9ration de la taxe annuelle \u00e0 l\u2019essieu, l\u2019annulation de la taxe professionnelle.<\/p>\n<p>Qui plus est, les professionnels appellent \u00e0 un moratoire de quatre ans pour payer les \u00e9ch\u00e9ances avec un taux d\u2019int\u00e9r\u00eat bas et l\u2019annulation totale d\u2019une partie des dettes. \u00abLa majorit\u00e9 des entreprises croulent sous les dettes et ce \u00e0 cause du cumul des\u00a0 arri\u00e9r\u00e9s d\u2019int\u00e9r\u00eats.<\/p>\n<p>L\u2019Etat est ainsi appel\u00e9\u00a0 \u00e0 stopper l\u2019h\u00e9morragie afin de pr\u00e9server l\u2019investissement, l\u2019employabilit\u00e9 des salari\u00e9s\u00bb, note-t-il en substance.\u00a0 En termes plus clairs, \u00ables op\u00e9rateurs du secteur ne peuvent continuer \u00e0 \u00eatre des otages des \u00e9tablissements de cr\u00e9dit qui pratiquent des conditions rigides sabotant l\u2019entreprenariat\u00a0\u00bb, mart\u00e8le-t-il.<\/p>\n<p>A l\u2019en croire, \u00ables taux d\u2019int\u00e9r\u00eats et les arri\u00e9r\u00e9s d\u00e9passent de loin le prix r\u00e9el de l\u2019unit\u00e9, ce qui impacte gravement la sant\u00e9 financi\u00e8re des entreprises\u00bb, d\u00e9plore-t-il.<\/p>\n<p>Notons au final que le secteur du transport touristique contient plus de 1700 entreprises et emploie environ 13 mille salari\u00e9s.<\/p>\n<p>L\u2019article <a rel=\"nofollow\" href=\"http:\/\/albayane.press.ma\/les-professionnels-envisagent-de-mener-des-actions-militantes.html\">Les professionnels envisagent de mener des actions militantes<\/a> est apparu en premier sur <a rel=\"nofollow\" href=\"http:\/\/albayane.press.ma\/\">ALBAYANE<\/a>.<\/p>\n<\/div>\n<p>Auteur: M&rsquo;hammed rahal<br \/>\n<a href=\"http:\/\/albayane.press.ma\/les-professionnels-envisagent-de-mener-des-actions-militantes.html\">Cliquez ici pour lire l&rsquo;article depuis sa source.<\/a><\/p>\n","protected":false},"excerpt":{"rendered":"<p>Transport touristique Khalid Darfaf Alors que les tractations pour la formation du prochain gouvernement viennent de commencer,\u00a0 la F\u00e9d\u00e9ration nationale du transport touristique au Maroc (FNTT-Maroc) envisage d\u2019organiser un sit-in pr\u00e9ventif, vendredi 24 septembre pour faire aboutir le dossier revendicatif des professionnels du secteur. Selon la m\u00eame source, cette manifestation se d\u00e9roulera dans plusieurs villes [&hellip;]<\/p>\n","protected":false},"author":1760,"featured_media":0,"comment_status":"closed","ping_status":"closed","sticky":false,"template":"","format":"standard","meta":{"fifu_image_url":"","fifu_image_alt":"","footnotes":""},"categories":[73,54],"tags":[],"class_list":["post-126799","post","type-post","status-publish","format-standard","hentry","category-actualite","category-maroc"],"_links":{"self":[{"href":"https:\/\/linitiative.ca\/International\/wp-json\/wp\/v2\/posts\/126799","targetHints":{"allow":["GET"]}}],"collection":[{"href":"https:\/\/linitiative.ca\/International\/wp-json\/wp\/v2\/posts"}],"about":[{"href":"https:\/\/linitiative.ca\/International\/wp-json\/wp\/v2\/types\/post"}],"author":[{"embeddable":true,"href":"https:\/\/linitiative.ca\/International\/wp-json\/wp\/v2\/users\/1760"}],"replies":[{"embeddable":true,"href":"https:\/\/linitiative.ca\/International\/wp-json\/wp\/v2\/comments?post=126799"}],"version-history":[{"count":0,"href":"https:\/\/linitiative.ca\/International\/wp-json\/wp\/v2\/posts\/126799\/revisions"}],"wp:attachment":[{"href":"https:\/\/linitiative.ca\/International\/wp-json\/wp\/v2\/media?parent=126799"}],"wp:term":[{"taxonomy":"category","embeddable":true,"href":"https:\/\/linitiative.ca\/International\/wp-json\/wp\/v2\/categories?post=126799"},{"taxonomy":"post_tag","embeddable":true,"href":"https:\/\/linitiative.ca\/International\/wp-json\/wp\/v2\/tags?post=126799"}],"curies":[{"name":"wp","href":"https:\/\/api.w.org\/{rel}","templated":true}]}}