{"id":126801,"date":"2021-09-12T08:00:00","date_gmt":"2021-09-12T12:00:00","guid":{"rendered":"https:\/\/linitiative.ca\/International\/un-imam-calcine-a-bordj-bou-arreridj\/"},"modified":"2021-09-12T08:00:00","modified_gmt":"2021-09-12T12:00:00","slug":"un-imam-calcine-a-bordj-bou-arreridj","status":"publish","type":"post","link":"https:\/\/linitiative.ca\/International\/un-imam-calcine-a-bordj-bou-arreridj\/","title":{"rendered":"Un imam calcin\u00e9 \u00e0 Bordj Bou Arreridj"},"content":{"rendered":"<div>Le corps calcin\u00e9 d\u2019un imam a \u00e9t\u00e9 d\u00e9couvert ce samedi dans un oued \u00e0 Bordj Bou Arreridj. Selon les \u00e9l\u00e9ments de la Protection civile, il s\u2019agit de K., S., \u00e2g\u00e9 d\u2019une trentaine d\u2019ann\u00e9es, imam de la mosqu\u00e9e Mohamed Laarbi Ben Tebbani \u00e0 Ras El Oued.<\/div>\n<p>Auteur:<br \/>\n<a href=\"https:\/\/www.liberte-algerie.com\/actualite\/un-imam-calcine-a-bordj-bou-arreridj-364829\">Cliquez ici pour lire l&rsquo;article depuis sa source.<\/a><\/p>\n","protected":false},"excerpt":{"rendered":"<p>Le corps calcin\u00e9 d\u2019un imam a \u00e9t\u00e9 d\u00e9couvert ce samedi dans un oued \u00e0 Bordj Bou Arreridj. Selon les \u00e9l\u00e9ments de la Protection civile, il s\u2019agit de K., S., \u00e2g\u00e9 d\u2019une trentaine d\u2019ann\u00e9es, imam de la mosqu\u00e9e Mohamed Laarbi Ben Tebbani \u00e0 Ras El Oued. Auteur: Cliquez ici pour lire l&rsquo;article depuis sa source.<\/p>\n","protected":false},"author":1742,"featured_media":0,"comment_status":"closed","ping_status":"closed","sticky":false,"template":"","format":"standard","meta":{"fifu_image_url":"","fifu_image_alt":"","footnotes":""},"categories":[73,53],"tags":[],"class_list":["post-126801","post","type-post","status-publish","format-standard","hentry","category-actualite","category-algerie"],"_links":{"self":[{"href":"https:\/\/linitiative.ca\/International\/wp-json\/wp\/v2\/posts\/126801","targetHints":{"allow":["GET"]}}],"collection":[{"href":"https:\/\/linitiative.ca\/International\/wp-json\/wp\/v2\/posts"}],"about":[{"href":"https:\/\/linitiative.ca\/International\/wp-json\/wp\/v2\/types\/post"}],"author":[{"embeddable":true,"href":"https:\/\/linitiative.ca\/International\/wp-json\/wp\/v2\/users\/1742"}],"replies":[{"embeddable":true,"href":"https:\/\/linitiative.ca\/International\/wp-json\/wp\/v2\/comments?post=126801"}],"version-history":[{"count":0,"href":"https:\/\/linitiative.ca\/International\/wp-json\/wp\/v2\/posts\/126801\/revisions"}],"wp:attachment":[{"href":"https:\/\/linitiative.ca\/International\/wp-json\/wp\/v2\/media?parent=126801"}],"wp:term":[{"taxonomy":"category","embeddable":true,"href":"https:\/\/linitiative.ca\/International\/wp-json\/wp\/v2\/categories?post=126801"},{"taxonomy":"post_tag","embeddable":true,"href":"https:\/\/linitiative.ca\/International\/wp-json\/wp\/v2\/tags?post=126801"}],"curies":[{"name":"wp","href":"https:\/\/api.w.org\/{rel}","templated":true}]}}