{"id":126803,"date":"2021-09-12T11:50:00","date_gmt":"2021-09-12T15:50:00","guid":{"rendered":"https:\/\/linitiative.ca\/International\/actualise-douze-morts-et-8-blesses-a-naama\/"},"modified":"2021-09-12T11:50:00","modified_gmt":"2021-09-12T15:50:00","slug":"actualise-douze-morts-et-8-blesses-a-naama","status":"publish","type":"post","link":"https:\/\/linitiative.ca\/International\/actualise-douze-morts-et-8-blesses-a-naama\/","title":{"rendered":"[Actualis\u00e9] Douze morts et 8 bless\u00e9s \u00e0 Na\u00e2ma"},"content":{"rendered":"<div>Neuf personnes ont trouv\u00e9 la mort et cinq autres ont \u00e9t\u00e9 bless\u00e9es dans un accident de la circulation survenus aujourd&rsquo;hui \u00e0 Na\u00e2ma, selon un bilan provisoire publi\u00e9 par les services de la Protection civile.<\/div>\n<p>Auteur:<br \/>\n<a href=\"https:\/\/www.liberte-algerie.com\/actualite\/actualise-douze-morts-et-8-blesses-a-naama-364830\">Cliquez ici pour lire l&rsquo;article depuis sa source.<\/a><\/p>\n","protected":false},"excerpt":{"rendered":"<p>Neuf personnes ont trouv\u00e9 la mort et cinq autres ont \u00e9t\u00e9 bless\u00e9es dans un accident de la circulation survenus aujourd&rsquo;hui \u00e0 Na\u00e2ma, selon un bilan provisoire publi\u00e9 par les services de la Protection civile. Auteur: Cliquez ici pour lire l&rsquo;article depuis sa source.<\/p>\n","protected":false},"author":1742,"featured_media":0,"comment_status":"closed","ping_status":"closed","sticky":false,"template":"","format":"standard","meta":{"fifu_image_url":"","fifu_image_alt":"","footnotes":""},"categories":[73,53],"tags":[],"class_list":["post-126803","post","type-post","status-publish","format-standard","hentry","category-actualite","category-algerie"],"_links":{"self":[{"href":"https:\/\/linitiative.ca\/International\/wp-json\/wp\/v2\/posts\/126803","targetHints":{"allow":["GET"]}}],"collection":[{"href":"https:\/\/linitiative.ca\/International\/wp-json\/wp\/v2\/posts"}],"about":[{"href":"https:\/\/linitiative.ca\/International\/wp-json\/wp\/v2\/types\/post"}],"author":[{"embeddable":true,"href":"https:\/\/linitiative.ca\/International\/wp-json\/wp\/v2\/users\/1742"}],"replies":[{"embeddable":true,"href":"https:\/\/linitiative.ca\/International\/wp-json\/wp\/v2\/comments?post=126803"}],"version-history":[{"count":0,"href":"https:\/\/linitiative.ca\/International\/wp-json\/wp\/v2\/posts\/126803\/revisions"}],"wp:attachment":[{"href":"https:\/\/linitiative.ca\/International\/wp-json\/wp\/v2\/media?parent=126803"}],"wp:term":[{"taxonomy":"category","embeddable":true,"href":"https:\/\/linitiative.ca\/International\/wp-json\/wp\/v2\/categories?post=126803"},{"taxonomy":"post_tag","embeddable":true,"href":"https:\/\/linitiative.ca\/International\/wp-json\/wp\/v2\/tags?post=126803"}],"curies":[{"name":"wp","href":"https:\/\/api.w.org\/{rel}","templated":true}]}}