{"id":126805,"date":"2021-09-12T10:57:47","date_gmt":"2021-09-12T14:57:47","guid":{"rendered":"https:\/\/linitiative.ca\/International\/fortes-rafales-de-vent-lundi-et-mardi-dans-plusieurs-provinces-du-royaume\/"},"modified":"2021-09-12T10:57:47","modified_gmt":"2021-09-12T14:57:47","slug":"fortes-rafales-de-vent-lundi-et-mardi-dans-plusieurs-provinces-du-royaume","status":"publish","type":"post","link":"https:\/\/linitiative.ca\/International\/fortes-rafales-de-vent-lundi-et-mardi-dans-plusieurs-provinces-du-royaume\/","title":{"rendered":"Fortes rafales de vent lundi et mardi dans plusieurs provinces du Royaume"},"content":{"rendered":"<div>\n<div style=\"margin-bottom:20px;\"><img loading=\"lazy\" decoding=\"async\" width=\"750\" height=\"430\" src=\"https:\/\/linitiative.ca\/International\/wp-content\/uploads\/sites\/23\/2021\/09\/Rafales-de-vent.jpg\" class=\"attachment-post-thumbnail size-post-thumbnail wp-post-image\" alt=\"\" srcset=\"https:\/\/linitiative.ca\/International\/wp-content\/uploads\/sites\/23\/2021\/09\/Rafales-de-vent.jpg 750w, http:\/\/www.mapmarrakech.ma\/map\/uploads\/2021\/09\/Rafales-de-vent-300x172.jpg 300w\" sizes=\"auto, (max-width: 750px) 100vw, 750px\"><\/div>\n<p>Ainsi, des fortes rafales de vent (75\/90 km\/h) int\u00e9resseront lundi de 10h \u00e0 21h les provinces d\u2019Al Hoceima, Benslimane, Berrechid, Casablanca, Chefchaouen, Chichaoua, Driouch, El Hajeb, F\u00e8s, Fquih Ben Salah, Khemisset, Khouribga, M\u00e9diouna, Mekn\u00e8s, Mohammedia et Moulay Yacoub, a pr\u00e9cis\u00e9 la DGM dans un bulletin sp\u00e9cial (niveau de vigilance orange).<\/p>\n<p>Il s\u2019agit aussi des provinces de Nouaceur, Ouezzane, Rabat, Rehamna, Sal\u00e9, Sefrou, Settat, Sidi Kacem, Sidi Slimane, Skhirate-T\u00e9mara, Taounate, Taza et Youssoufia, a ajout\u00e9 la m\u00eame source, faisant savoir que ces rafales de vent seront accompagn\u00e9es par des chasses sable par endroits.<\/p>\n<p>Des rafales de vent assez fortes (50 \u00e0 70 km\/h) int\u00e9resseront la journ\u00e9e de mardi le Nord-ouest, le Sud-est et le Sud de l\u2019Oriental, selon la DGM.<\/p>\n<p>The post <a rel=\"nofollow\" href=\"http:\/\/www.mapmarrakech.ma\/fr\/fortes-rafales-de-vent-lundi-et-mardi-dans-plusieurs-provinces-du-royaume\/\">Fortes rafales de vent lundi et mardi dans plusieurs provinces du Royaume<\/a> appeared first on <a rel=\"nofollow\" href=\"http:\/\/www.mapmarrakech.ma\/fr\">MapMarrakech<\/a>.<\/p>\n<\/div>\n<p>Auteur: Meriem IGASS<br \/>\n<a href=\"http:\/\/www.mapmarrakech.ma\/fr\/fortes-rafales-de-vent-lundi-et-mardi-dans-plusieurs-provinces-du-royaume\/\">Cliquez ici pour lire l&rsquo;article depuis sa source.<\/a><\/p>\n","protected":false},"excerpt":{"rendered":"<p>Ainsi, des fortes rafales de vent (75\/90 km\/h) int\u00e9resseront lundi de 10h \u00e0 21h les provinces d\u2019Al Hoceima, Benslimane, Berrechid, Casablanca, Chefchaouen, Chichaoua, Driouch, El Hajeb, F\u00e8s, Fquih Ben Salah, Khemisset, Khouribga, M\u00e9diouna, Mekn\u00e8s, Mohammedia et Moulay Yacoub, a pr\u00e9cis\u00e9 la DGM dans un bulletin sp\u00e9cial (niveau de vigilance orange). Il s\u2019agit aussi des provinces [&hellip;]<\/p>\n","protected":false},"author":1788,"featured_media":0,"comment_status":"closed","ping_status":"closed","sticky":false,"template":"","format":"standard","meta":{"fifu_image_url":"http:\/\/www.mapmarrakech.ma\/map\/uploads\/2021\/09\/Rafales-de-vent.jpg","fifu_image_alt":"Fortes rafales de vent lundi et mardi dans plusieurs provinces du Royaume","footnotes":""},"categories":[54,76],"tags":[],"class_list":["post-126805","post","type-post","status-publish","format-standard","hentry","category-maroc","category-regions"],"_links":{"self":[{"href":"https:\/\/linitiative.ca\/International\/wp-json\/wp\/v2\/posts\/126805","targetHints":{"allow":["GET"]}}],"collection":[{"href":"https:\/\/linitiative.ca\/International\/wp-json\/wp\/v2\/posts"}],"about":[{"href":"https:\/\/linitiative.ca\/International\/wp-json\/wp\/v2\/types\/post"}],"author":[{"embeddable":true,"href":"https:\/\/linitiative.ca\/International\/wp-json\/wp\/v2\/users\/1788"}],"replies":[{"embeddable":true,"href":"https:\/\/linitiative.ca\/International\/wp-json\/wp\/v2\/comments?post=126805"}],"version-history":[{"count":0,"href":"https:\/\/linitiative.ca\/International\/wp-json\/wp\/v2\/posts\/126805\/revisions"}],"wp:attachment":[{"href":"https:\/\/linitiative.ca\/International\/wp-json\/wp\/v2\/media?parent=126805"}],"wp:term":[{"taxonomy":"category","embeddable":true,"href":"https:\/\/linitiative.ca\/International\/wp-json\/wp\/v2\/categories?post=126805"},{"taxonomy":"post_tag","embeddable":true,"href":"https:\/\/linitiative.ca\/International\/wp-json\/wp\/v2\/tags?post=126805"}],"curies":[{"name":"wp","href":"https:\/\/api.w.org\/{rel}","templated":true}]}}