{"id":126807,"date":"2021-09-12T06:16:45","date_gmt":"2021-09-12T10:16:45","guid":{"rendered":"https:\/\/linitiative.ca\/International\/rabat-enquete-sur-un-couple-et-un-mineur-suspectes-dhomicide-volontaire\/"},"modified":"2021-09-12T06:16:45","modified_gmt":"2021-09-12T10:16:45","slug":"rabat-enquete-sur-un-couple-et-un-mineur-suspectes-dhomicide-volontaire","status":"publish","type":"post","link":"https:\/\/linitiative.ca\/International\/rabat-enquete-sur-un-couple-et-un-mineur-suspectes-dhomicide-volontaire\/","title":{"rendered":"Rabat: Enqu\u00eate sur un couple et un mineur suspect\u00e9s d&rsquo;homicide volontaire"},"content":{"rendered":"<div>\n<div class=\"field field-name-body field-type-text-with-summary field-label-hidden\">\n<div class=\"field-items\">\n<div class=\"field-item even\" property=\"content:encoded\">\n<p class=\"rtejustify\">La brigade criminelle pr\u00e9fectorale de Rabat a ouvert samedi une enqu\u00eate sous la supervision du parquet comp\u00e9tent pour d\u00e9terminer les actes criminels attribu\u00e9s \u00e0 un couple et \u00e0 l&rsquo;enfant mineur de l&rsquo;un d&rsquo;entre eux, soup\u00e7onn\u00e9s d&rsquo;homicide volontaire sur ascendant.<\/p>\n<\/div>\n<\/div>\n<\/div>\n<\/div>\n<p>Auteur: hgueye<br \/>\n<a href=\"https:\/\/www.leconomiste.com\/flash-infos\/rabat-enquete-sur-un-couple-et-un-mineur-suspectes-d-homicide-volontaire\">Cliquez ici pour lire l&rsquo;article depuis sa source.<\/a><\/p>\n","protected":false},"excerpt":{"rendered":"<p>La brigade criminelle pr\u00e9fectorale de Rabat a ouvert samedi une enqu\u00eate sous la supervision du parquet comp\u00e9tent pour d\u00e9terminer les actes criminels attribu\u00e9s \u00e0 un couple et \u00e0 l&rsquo;enfant mineur de l&rsquo;un d&rsquo;entre eux, soup\u00e7onn\u00e9s d&rsquo;homicide volontaire sur ascendant. Auteur: hgueye Cliquez ici pour lire l&rsquo;article depuis sa source.<\/p>\n","protected":false},"author":1763,"featured_media":0,"comment_status":"closed","ping_status":"closed","sticky":false,"template":"","format":"standard","meta":{"fifu_image_url":"","fifu_image_alt":"","footnotes":""},"categories":[78,54],"tags":[],"class_list":["post-126807","post","type-post","status-publish","format-standard","hentry","category-economie","category-maroc"],"_links":{"self":[{"href":"https:\/\/linitiative.ca\/International\/wp-json\/wp\/v2\/posts\/126807","targetHints":{"allow":["GET"]}}],"collection":[{"href":"https:\/\/linitiative.ca\/International\/wp-json\/wp\/v2\/posts"}],"about":[{"href":"https:\/\/linitiative.ca\/International\/wp-json\/wp\/v2\/types\/post"}],"author":[{"embeddable":true,"href":"https:\/\/linitiative.ca\/International\/wp-json\/wp\/v2\/users\/1763"}],"replies":[{"embeddable":true,"href":"https:\/\/linitiative.ca\/International\/wp-json\/wp\/v2\/comments?post=126807"}],"version-history":[{"count":0,"href":"https:\/\/linitiative.ca\/International\/wp-json\/wp\/v2\/posts\/126807\/revisions"}],"wp:attachment":[{"href":"https:\/\/linitiative.ca\/International\/wp-json\/wp\/v2\/media?parent=126807"}],"wp:term":[{"taxonomy":"category","embeddable":true,"href":"https:\/\/linitiative.ca\/International\/wp-json\/wp\/v2\/categories?post=126807"},{"taxonomy":"post_tag","embeddable":true,"href":"https:\/\/linitiative.ca\/International\/wp-json\/wp\/v2\/tags?post=126807"}],"curies":[{"name":"wp","href":"https:\/\/api.w.org\/{rel}","templated":true}]}}