{"id":126809,"date":"2021-09-12T08:37:29","date_gmt":"2021-09-12T12:37:29","guid":{"rendered":"https:\/\/linitiative.ca\/International\/de-fortes-rafales-de-vent-attendues-lundi-et-mardi\/"},"modified":"2021-09-12T08:37:29","modified_gmt":"2021-09-12T12:37:29","slug":"de-fortes-rafales-de-vent-attendues-lundi-et-mardi","status":"publish","type":"post","link":"https:\/\/linitiative.ca\/International\/de-fortes-rafales-de-vent-attendues-lundi-et-mardi\/","title":{"rendered":"De fortes rafales de vent attendues lundi et mardi"},"content":{"rendered":"<div>\n<div class=\"field field-name-body field-type-text-with-summary field-label-hidden\">\n<div class=\"field-items\">\n<div class=\"field-item even\" property=\"content:encoded\">\n<p class=\"rtejustify\">Des fortes rafales de vent\u00a0sont attendues lundi et mardi dans plusieurs provinces du Royaume, a annonc\u00e9 dimanche la Direction g\u00e9n\u00e9rale de la m\u00e9t\u00e9orologie (DGM).Des vents de75 \u00e0 90 km\/h\u00a0int\u00e9resseront lundi de 10h \u00e0 21h les provinces d&rsquo;Al Hoceima, Benslimane, Berrechid, Casablanca, Chefchaouen, Chichaoua, Driouch, El Hajeb, F\u00e8s, Fquih Ben Salah, Khemisset, Khouribga, M\u00e9diouna, Mekn\u00e8s, Mohammedia et Moulay Yacoub, a pr\u00e9cis\u00e9 la DGM.<\/p>\n<\/div>\n<\/div>\n<\/div>\n<\/div>\n<p>Auteur: hgueye<br \/>\n<a href=\"https:\/\/www.leconomiste.com\/flash-infos\/de-fortes-rafales-de-vent-attendues-lundi-et-mardi\">Cliquez ici pour lire l&rsquo;article depuis sa source.<\/a><\/p>\n","protected":false},"excerpt":{"rendered":"<p>Des fortes rafales de vent\u00a0sont attendues lundi et mardi dans plusieurs provinces du Royaume, a annonc\u00e9 dimanche la Direction g\u00e9n\u00e9rale de la m\u00e9t\u00e9orologie (DGM).Des vents de75 \u00e0 90 km\/h\u00a0int\u00e9resseront lundi de 10h \u00e0 21h les provinces d&rsquo;Al Hoceima, Benslimane, Berrechid, Casablanca, Chefchaouen, Chichaoua, Driouch, El Hajeb, F\u00e8s, Fquih Ben Salah, Khemisset, Khouribga, M\u00e9diouna, Mekn\u00e8s, Mohammedia [&hellip;]<\/p>\n","protected":false},"author":1763,"featured_media":0,"comment_status":"closed","ping_status":"closed","sticky":false,"template":"","format":"standard","meta":{"fifu_image_url":"","fifu_image_alt":"","footnotes":""},"categories":[78,54],"tags":[],"class_list":["post-126809","post","type-post","status-publish","format-standard","hentry","category-economie","category-maroc"],"_links":{"self":[{"href":"https:\/\/linitiative.ca\/International\/wp-json\/wp\/v2\/posts\/126809","targetHints":{"allow":["GET"]}}],"collection":[{"href":"https:\/\/linitiative.ca\/International\/wp-json\/wp\/v2\/posts"}],"about":[{"href":"https:\/\/linitiative.ca\/International\/wp-json\/wp\/v2\/types\/post"}],"author":[{"embeddable":true,"href":"https:\/\/linitiative.ca\/International\/wp-json\/wp\/v2\/users\/1763"}],"replies":[{"embeddable":true,"href":"https:\/\/linitiative.ca\/International\/wp-json\/wp\/v2\/comments?post=126809"}],"version-history":[{"count":0,"href":"https:\/\/linitiative.ca\/International\/wp-json\/wp\/v2\/posts\/126809\/revisions"}],"wp:attachment":[{"href":"https:\/\/linitiative.ca\/International\/wp-json\/wp\/v2\/media?parent=126809"}],"wp:term":[{"taxonomy":"category","embeddable":true,"href":"https:\/\/linitiative.ca\/International\/wp-json\/wp\/v2\/categories?post=126809"},{"taxonomy":"post_tag","embeddable":true,"href":"https:\/\/linitiative.ca\/International\/wp-json\/wp\/v2\/tags?post=126809"}],"curies":[{"name":"wp","href":"https:\/\/api.w.org\/{rel}","templated":true}]}}