{"id":126817,"date":"2021-09-12T06:50:43","date_gmt":"2021-09-12T10:50:43","guid":{"rendered":"https:\/\/linitiative.ca\/International\/covid-19-linde-gas-algerie-augmente-de-33-sa-production-doxygene\/"},"modified":"2021-09-12T06:50:43","modified_gmt":"2021-09-12T10:50:43","slug":"covid-19-linde-gas-algerie-augmente-de-33-sa-production-doxygene","status":"publish","type":"post","link":"https:\/\/linitiative.ca\/International\/covid-19-linde-gas-algerie-augmente-de-33-sa-production-doxygene\/","title":{"rendered":"Covid-19 : Linde Gas Alg\u00e9rie augmente de 33 % sa production d\u2019oxyg\u00e8ne"},"content":{"rendered":"<div>\n<div class=\"sriret\"><img decoding=\"async\" src=\"https:\/\/linitiative.ca\/International\/wp-content\/uploads\/sites\/23\/2021\/09\/default-picture-709x366_c-30.jpg\"><\/div>\n<p>La soci\u00e9t\u00e9 de production d\u2019oxyg\u00e8ne liquide, Linde Gas Alg\u00e9rie a annonc\u00e9 dimanche 12 septembre dans un communiqu\u00e9 l\u2019augmentation de 33 % de sa production globale d\u2019oxyg\u00e8ne depuis le mois de juillet afin de r\u00e9pondre \u00e0 la forte demande des \u00e9tablissements sanitaires.<\/p>\n<p>\u00ab\u00a0Face \u00e0 cette troisi\u00e8me vague de la pand\u00e9mie (covid19) qu\u2019a connue l\u2019Alg\u00e9rie depuis le d\u00e9but du mois de juillet qui s\u2019est traduite par une demande croissante en oxyg\u00e8ne \u00e0 usage m\u00e9dical dans divers \u00e9tablissements hospitaliers, Linde Gas Alg\u00e9rie continue de mobiliser la pl\u00e9nitude de ses moyens humains et mat\u00e9riels afin de r\u00e9pondre pr\u00e9sent aux besoins des \u00e9tablissements sanitaires\u00a0\u00bb, a pr\u00e9cis\u00e9 la m\u00eame source. \u00ab\u00a0Avec ces diff\u00e9rentes unit\u00e9s de production, l\u2019entreprise enregistre une\u00a0\u00a0 augmentation de la production globale \u00e0 33% par rapport \u00e0 la m\u00eame p\u00e9riode de l\u2019ann\u00e9e derni\u00e8re\u00a0\u00bb, a ajout\u00e9 le communiqu\u00e9. L\u2019entreprise a particip\u00e9 \u00e9galement, en collaboration avec d\u2019autres\u00a0\u00a0 op\u00e9rateurs \u00e9conomiques activant dans le domaine du gaz industriel, dans le cadre d\u2019une op\u00e9ration de don, \u00e0 l\u2019acheminement et la livraison de pr\u00e8s de 130.000 L d\u2019oxyg\u00e8ne \u00e0 titre gracieux aux diff\u00e9rents \u00e9tablissements hospitaliers \u00e0 travers le territoire national, a fait savoir Linde Gaz.<\/p>\n<p>L\u2019article <a rel=\"nofollow\" href=\"https:\/\/www.elwatan.com\/edition\/actualite\/covid-19-linde-gas-algerie-augmente-de-33-sa-production-doxygene-12-09-2021\">Covid-19 : Linde Gas Alg\u00e9rie augmente de 33 % sa production d\u2019oxyg\u00e8ne<\/a> est apparu en premier sur <a rel=\"nofollow\" href=\"https:\/\/www.elwatan.com\/\">El Watan<\/a>.<\/p>\n<\/div>\n<p>Auteur: Abdelghani Aichoun<br \/>\n<a href=\"https:\/\/www.elwatan.com\/edition\/actualite\/covid-19-linde-gas-algerie-augmente-de-33-sa-production-doxygene-12-09-2021\">Cliquez ici pour lire l&rsquo;article depuis sa source.<\/a><\/p>\n","protected":false},"excerpt":{"rendered":"<p>La soci\u00e9t\u00e9 de production d\u2019oxyg\u00e8ne liquide, Linde Gas Alg\u00e9rie a annonc\u00e9 dimanche 12 septembre dans un communiqu\u00e9 l\u2019augmentation de 33 % de sa production globale d\u2019oxyg\u00e8ne depuis le mois de juillet afin de r\u00e9pondre \u00e0 la forte demande des \u00e9tablissements sanitaires. \u00ab\u00a0Face \u00e0 cette troisi\u00e8me vague de la pand\u00e9mie (covid19) qu\u2019a connue l\u2019Alg\u00e9rie depuis le [&hellip;]<\/p>\n","protected":false},"author":1743,"featured_media":0,"comment_status":"closed","ping_status":"closed","sticky":false,"template":"","format":"standard","meta":{"fifu_image_url":"https:\/\/www.elwatan.com\/wp-content\/themes\/spectr\/img\/default-picture-709x366_c.jpg","fifu_image_alt":"Covid-19 : Linde Gas Alg\u00e9rie augmente de 33 % sa production d\u2019oxyg\u00e8ne","footnotes":""},"categories":[73,53],"tags":[],"class_list":["post-126817","post","type-post","status-publish","format-standard","hentry","category-actualite","category-algerie"],"_links":{"self":[{"href":"https:\/\/linitiative.ca\/International\/wp-json\/wp\/v2\/posts\/126817","targetHints":{"allow":["GET"]}}],"collection":[{"href":"https:\/\/linitiative.ca\/International\/wp-json\/wp\/v2\/posts"}],"about":[{"href":"https:\/\/linitiative.ca\/International\/wp-json\/wp\/v2\/types\/post"}],"author":[{"embeddable":true,"href":"https:\/\/linitiative.ca\/International\/wp-json\/wp\/v2\/users\/1743"}],"replies":[{"embeddable":true,"href":"https:\/\/linitiative.ca\/International\/wp-json\/wp\/v2\/comments?post=126817"}],"version-history":[{"count":0,"href":"https:\/\/linitiative.ca\/International\/wp-json\/wp\/v2\/posts\/126817\/revisions"}],"wp:attachment":[{"href":"https:\/\/linitiative.ca\/International\/wp-json\/wp\/v2\/media?parent=126817"}],"wp:term":[{"taxonomy":"category","embeddable":true,"href":"https:\/\/linitiative.ca\/International\/wp-json\/wp\/v2\/categories?post=126817"},{"taxonomy":"post_tag","embeddable":true,"href":"https:\/\/linitiative.ca\/International\/wp-json\/wp\/v2\/tags?post=126817"}],"curies":[{"name":"wp","href":"https:\/\/api.w.org\/{rel}","templated":true}]}}