{"id":126819,"date":"2021-09-12T10:44:11","date_gmt":"2021-09-12T14:44:11","guid":{"rendered":"https:\/\/linitiative.ca\/International\/attentats-du-11-septembre-une-note-declassifiee-du-fbi-evoque-une-implication-saoudienne\/"},"modified":"2021-09-12T10:44:11","modified_gmt":"2021-09-12T14:44:11","slug":"attentats-du-11-septembre-une-note-declassifiee-du-fbi-evoque-une-implication-saoudienne","status":"publish","type":"post","link":"https:\/\/linitiative.ca\/International\/attentats-du-11-septembre-une-note-declassifiee-du-fbi-evoque-une-implication-saoudienne\/","title":{"rendered":"Attentats du 11-Septembre : une note d\u00e9classifi\u00e9e du FBI \u00e9voque une implication saoudienne"},"content":{"rendered":"<div>\n<div class=\"sriret\"><img decoding=\"async\" src=\"https:\/\/linitiative.ca\/International\/wp-content\/uploads\/sites\/23\/2021\/09\/default-picture-709x366_c-31.jpg\"><\/div>\n<p>Le gouvernement am\u00e9ricain a d\u00e9classifi\u00e9 samedi 11 septembre une note du FBI qui renforce les soup\u00e7ons d\u2019implication de Ryad dans les attentats du 11 septembre 2001 commis par Al-Qa\u00efda, sans toutefois fournir les preuves qu\u2019esp\u00e9raient les familles des victimes poursuivant l\u2019Arabie saoudite en justice.<\/p>\n<p>Parmi les 19 pirates de l\u2019air qui ont d\u00e9tourn\u00e9 quatre avions de ligne, dont deux ont \u00e9t\u00e9 projet\u00e9s dans les tours jumelles du World Trade Center faisant pr\u00e8s de 3.000 morts, 15 \u00e9taient des ressortissants saoudiens. La note qui vient d\u2019\u00eatre d\u00e9classifi\u00e9e \u00e0 l\u2019occasion du vingti\u00e8me anniversaire du 11-Septembre, dat\u00e9e du 4 avril 2016, insiste sur les liens entre Omar al-Bayoumi, un agent saoudien pr\u00e9sum\u00e9 qui \u00e9tait install\u00e9 en Californie, et deux hommes qui feront partie des pirates de l\u2019air, Nawaf al-Hazmi et Khalid al-Mihdhar, auxquels il a \u00e9t\u00e9 soup\u00e7onn\u00e9 d\u2019apporter une aide logistique. Le document, qui se fonde sur des entretiens r\u00e9alis\u00e9s en 2009 et 2015 avec une source dont l\u2019identit\u00e9 est class\u00e9e, d\u00e9taille les contacts et les rencontres d\u2019Omar al-Bayoumi avec Nawafal-Hazmi et Khalid al-Mihdhar, tous deux arriv\u00e9s en Californie en 2000 avant les attentats. Il montre \u00e9galement des liens encore plus forts que ceux d\u00e9j\u00e0 connus entre ces deux hommes et Fahad al-Thumairy, imam conservateur d\u2019une mosqu\u00e9e de Los Angeles et diplomate accr\u00e9dit\u00e9 au consulat saoudien \u00e0 la fin des ann\u00e9es 1990.<\/p>\n<p>Selon le document, des num\u00e9ros de t\u00e9l\u00e9phone associ\u00e9s avec la source montrent des contacts avec un certain nombre de personnes qui ont aid\u00e9 Nawaf al-Hazmi et Khalid al-Mihdhar, dont Omar al-Bayoumi et Fahad al-Thumairy et y compris la source elle-m\u00eame. La source a indiqu\u00e9 au FBI que al-Bayoumi, par del\u00e0 son statut officiel d\u2019\u00e9tudiant, occupait \u00ab\u00a0un rang tr\u00e8s \u00e9lev\u00e9\u00a0\u00bb au consulat saoudien. \u00ab\u00a0L\u2019aide de Bayoumi \u00e0 Hamzi et Midha comprenait des traductions, des voyages, du logement et du financement\u00a0\u00bb, selon la note. L\u2019\u00e9pouse de la source a d\u00e9clar\u00e9 que al-Bayoumi parlait souvent de \u00ab\u00a0jihad\u00a0\u00bb, poursuit le document. La note \u00e9tablit \u00e9galement d\u2019autres liens, via des rencontres, conversations t\u00e9l\u00e9phoniques ou autres communications, entre al-Bayoumi et Thumairy avec l\u2019Am\u00e9ricano-y\u00e9m\u00e9nite Anouar al-Aulaqi, propagandiste d\u2019Al-Qa\u00efda dans la p\u00e9ninsule arabique (Aqpa) tu\u00e9 par des drones am\u00e9ricains au Y\u00e9men en septembre 2011.<\/p>\n<p>Toutefois, le document publi\u00e9 a \u00e9t\u00e9 copieusement expurg\u00e9 et n\u2019offre pas de lien direct entre le gouvernement saoudien et les pirates de l\u2019air. Il a \u00e9t\u00e9 d\u00e9classifi\u00e9 apr\u00e8s des pressions exerc\u00e9es sur le pr\u00e9sident am\u00e9ricain Joe Biden par des familles de victimes qui poursuivent l\u2019Arabie saoudite pour complicit\u00e9 dans l\u2019organisation des attentats. Trois administrations successives ont refus\u00e9 de d\u00e9classifier et publier des documents sur les attentats et ont \u00e9t\u00e9 accus\u00e9es de vouloir prot\u00e9ger l\u2019alliance historique entre Washington et Ryad. La monarchie p\u00e9troli\u00e8re sunnite a toujours ni\u00e9 la moindre implication dans les attentats du 11 septembre 2001 et elle a \u00e9t\u00e9 lav\u00e9e de tout soup\u00e7on par une commission d\u2019enqu\u00eate am\u00e9ricaine en 2004. Jim Kreindler, l\u2019un des principaux avocats impliqu\u00e9 dans les poursuites des familles de victimes contre l\u2019Arabie saoudite, a estim\u00e9 que la note d\u00e9classifi\u00e9e en validait l\u2019argument-clef portant sur le soutien du gouvernement saoudien aux pirates de l\u2019air. \u00ab\u00a0Avec cette premi\u00e8re d\u00e9classification de documents, vingt ans durant lesquels l\u2019Arabie saoudite a compt\u00e9 sur le gouvernement am\u00e9ricain pour couvrir son r\u00f4le dans le 11-Septembre touchent \u00e0 leur fin\u00a0\u00bb, a d\u00e9clar\u00e9 Jim Kreindler dans un communiqu\u00e9. Les familles attendent des preuves plus fortes avec la publication d\u2019autres documents d\u00e9classifi\u00e9s attendue dans les six prochains mois aux termes du d\u00e9cret pris d\u00e9but septembre par Joe Biden.<\/p>\n<p>\u00a0<\/p>\n<p>L\u2019article <a rel=\"nofollow\" href=\"https:\/\/www.elwatan.com\/edition\/international\/attentats-du-11-septembre-une-note-declassifiee-du-fbi-evoque-une-implication-saoudienne-12-09-2021\">Attentats du 11-Septembre : une note d\u00e9classifi\u00e9e du FBI \u00e9voque une implication saoudienne<\/a> est apparu en premier sur <a rel=\"nofollow\" href=\"https:\/\/www.elwatan.com\/\">El Watan<\/a>.<\/p>\n<\/div>\n<p>Auteur: Abdelghani Aichoun<br \/>\n<a href=\"https:\/\/www.elwatan.com\/edition\/international\/attentats-du-11-septembre-une-note-declassifiee-du-fbi-evoque-une-implication-saoudienne-12-09-2021\">Cliquez ici pour lire l&rsquo;article depuis sa source.<\/a><\/p>\n","protected":false},"excerpt":{"rendered":"<p>Le gouvernement am\u00e9ricain a d\u00e9classifi\u00e9 samedi 11 septembre une note du FBI qui renforce les soup\u00e7ons d\u2019implication de Ryad dans les attentats du 11 septembre 2001 commis par Al-Qa\u00efda, sans toutefois fournir les preuves qu\u2019esp\u00e9raient les familles des victimes poursuivant l\u2019Arabie saoudite en justice. Parmi les 19 pirates de l\u2019air qui ont d\u00e9tourn\u00e9 quatre avions [&hellip;]<\/p>\n","protected":false},"author":1743,"featured_media":0,"comment_status":"closed","ping_status":"closed","sticky":false,"template":"","format":"standard","meta":{"fifu_image_url":"https:\/\/www.elwatan.com\/wp-content\/themes\/spectr\/img\/default-picture-709x366_c.jpg","fifu_image_alt":"Attentats du 11-Septembre : une note d\u00e9classifi\u00e9e du FBI \u00e9voque une implication saoudienne","footnotes":""},"categories":[73,53],"tags":[],"class_list":["post-126819","post","type-post","status-publish","format-standard","hentry","category-actualite","category-algerie"],"_links":{"self":[{"href":"https:\/\/linitiative.ca\/International\/wp-json\/wp\/v2\/posts\/126819","targetHints":{"allow":["GET"]}}],"collection":[{"href":"https:\/\/linitiative.ca\/International\/wp-json\/wp\/v2\/posts"}],"about":[{"href":"https:\/\/linitiative.ca\/International\/wp-json\/wp\/v2\/types\/post"}],"author":[{"embeddable":true,"href":"https:\/\/linitiative.ca\/International\/wp-json\/wp\/v2\/users\/1743"}],"replies":[{"embeddable":true,"href":"https:\/\/linitiative.ca\/International\/wp-json\/wp\/v2\/comments?post=126819"}],"version-history":[{"count":0,"href":"https:\/\/linitiative.ca\/International\/wp-json\/wp\/v2\/posts\/126819\/revisions"}],"wp:attachment":[{"href":"https:\/\/linitiative.ca\/International\/wp-json\/wp\/v2\/media?parent=126819"}],"wp:term":[{"taxonomy":"category","embeddable":true,"href":"https:\/\/linitiative.ca\/International\/wp-json\/wp\/v2\/categories?post=126819"},{"taxonomy":"post_tag","embeddable":true,"href":"https:\/\/linitiative.ca\/International\/wp-json\/wp\/v2\/tags?post=126819"}],"curies":[{"name":"wp","href":"https:\/\/api.w.org\/{rel}","templated":true}]}}