{"id":126821,"date":"2021-09-12T11:47:31","date_gmt":"2021-09-12T15:47:31","guid":{"rendered":"https:\/\/linitiative.ca\/International\/oran-entree-en-production-de-lunite-doxygene-medical-de-lusine-rayanox\/"},"modified":"2021-09-12T11:47:31","modified_gmt":"2021-09-12T15:47:31","slug":"oran-entree-en-production-de-lunite-doxygene-medical-de-lusine-rayanox","status":"publish","type":"post","link":"https:\/\/linitiative.ca\/International\/oran-entree-en-production-de-lunite-doxygene-medical-de-lusine-rayanox\/","title":{"rendered":"Oran : entr\u00e9e en production de l\u2019unit\u00e9 d\u2019oxyg\u00e8ne m\u00e9dical de l\u2019usine \u00ab\u00a0RayanOx\u00a0\u00bb"},"content":{"rendered":"<div>\n<div class=\"sriret\"><img decoding=\"async\" src=\"https:\/\/linitiative.ca\/International\/wp-content\/uploads\/sites\/23\/2021\/09\/default-picture-709x366_c-32.jpg\"><\/div>\n<p>L\u2019unit\u00e9 de production d\u2019oxyg\u00e8ne m\u00e9dical de l\u2019usine \u00ab\u00a0RayanOx\u00a0\u00bb, implant\u00e9e \u00e0 B\u00e9thioua \u00e0 l\u2019est d\u2019Oran, est entr\u00e9e dimanche 12 septembre en production, apprend-on de son g\u00e9rant, Mohamed Amine Tazi.<\/p>\n<p>Mise en service le 25 ao\u00fbt \u00e9coul\u00e9 par le ministre de l\u2019Industrie, Ahmed Zaghdar, et le ministre de l\u2019Industrie pharmaceutique, Abderrahmane Lotfi Djamel Benbahmed, cette unit\u00e9 a rencontr\u00e9 des probl\u00e8mes techniques ayant entrav\u00e9 sa r\u00e9elle entr\u00e9e en production, indique son g\u00e9rant. Une \u00e9quipe d\u2019experts \u00e9trangers a \u00e9t\u00e9 d\u00e9p\u00each\u00e9e pour veiller au d\u00e9marrage de cette unit\u00e9 d\u2019une capacit\u00e9 100.000 litres par jour et la machine a \u00e9t\u00e9 mise en branle dans la nuit de samedi. Les premi\u00e8res quantit\u00e9s d\u2019oxyg\u00e8ne seront\u00a0\u00a0 r\u00e9cup\u00e9r\u00e9es dans la nuit de ce dimanche, soit 24 heures apr\u00e8s, explique M. Tazi. L\u2019usine est sens\u00e9e r\u00e9gler \u00ab\u00a0une fois pour toutes\u00a0\u00bb les p\u00e9nuries d\u2019oxyg\u00e8ne, dans la wilaya d\u2019Oran et la r\u00e9gion Ouest du pays, qui r\u00e9sultent de la forte demande sur cette mati\u00e8re vitale, notamment au cours des pics de l\u2019\u00e9pid\u00e9mie de la Covid-19, estiment les sp\u00e9cialistes. Ce sont les services de la wilaya d\u2019Oran qui assureront la distribution de l\u2019oxyg\u00e8ne m\u00e9dical produit par \u00ab\u00a0RayanOx\u00a0\u00bb aux \u00e9tablissements de sant\u00e9 de la wilaya, alors que l\u2019exc\u00e9dent sera destin\u00e9 pour couvrir les besoins des wilayas voisines, voire m\u00eame celles des autres r\u00e9gions en cas de besoin, pr\u00e9cise-t-on.<\/p>\n<p>L\u2019article <a rel=\"nofollow\" href=\"https:\/\/www.elwatan.com\/edition\/actualite\/oran-entree-en-production-de-lunite-doxygene-medical-de-lusine-rayanox-12-09-2021\">Oran : entr\u00e9e en production de l\u2019unit\u00e9 d\u2019oxyg\u00e8ne m\u00e9dical de l\u2019usine \u00ab\u00a0RayanOx\u00a0\u00bb<\/a> est apparu en premier sur <a rel=\"nofollow\" href=\"https:\/\/www.elwatan.com\/\">El Watan<\/a>.<\/p>\n<\/div>\n<p>Auteur: Abdelghani Aichoun<br \/>\n<a href=\"https:\/\/www.elwatan.com\/edition\/actualite\/oran-entree-en-production-de-lunite-doxygene-medical-de-lusine-rayanox-12-09-2021\">Cliquez ici pour lire l&rsquo;article depuis sa source.<\/a><\/p>\n","protected":false},"excerpt":{"rendered":"<p>L\u2019unit\u00e9 de production d\u2019oxyg\u00e8ne m\u00e9dical de l\u2019usine \u00ab\u00a0RayanOx\u00a0\u00bb, implant\u00e9e \u00e0 B\u00e9thioua \u00e0 l\u2019est d\u2019Oran, est entr\u00e9e dimanche 12 septembre en production, apprend-on de son g\u00e9rant, Mohamed Amine Tazi. Mise en service le 25 ao\u00fbt \u00e9coul\u00e9 par le ministre de l\u2019Industrie, Ahmed Zaghdar, et le ministre de l\u2019Industrie pharmaceutique, Abderrahmane Lotfi Djamel Benbahmed, cette unit\u00e9 a [&hellip;]<\/p>\n","protected":false},"author":1743,"featured_media":0,"comment_status":"closed","ping_status":"closed","sticky":false,"template":"","format":"standard","meta":{"fifu_image_url":"https:\/\/www.elwatan.com\/wp-content\/themes\/spectr\/img\/default-picture-709x366_c.jpg","fifu_image_alt":"Oran : entr\u00e9e en production de l\u2019unit\u00e9 d\u2019oxyg\u00e8ne m\u00e9dical de l\u2019usine \u00ab\u00a0RayanOx\u00a0\u00bb","footnotes":""},"categories":[73,53],"tags":[],"class_list":["post-126821","post","type-post","status-publish","format-standard","hentry","category-actualite","category-algerie"],"_links":{"self":[{"href":"https:\/\/linitiative.ca\/International\/wp-json\/wp\/v2\/posts\/126821","targetHints":{"allow":["GET"]}}],"collection":[{"href":"https:\/\/linitiative.ca\/International\/wp-json\/wp\/v2\/posts"}],"about":[{"href":"https:\/\/linitiative.ca\/International\/wp-json\/wp\/v2\/types\/post"}],"author":[{"embeddable":true,"href":"https:\/\/linitiative.ca\/International\/wp-json\/wp\/v2\/users\/1743"}],"replies":[{"embeddable":true,"href":"https:\/\/linitiative.ca\/International\/wp-json\/wp\/v2\/comments?post=126821"}],"version-history":[{"count":0,"href":"https:\/\/linitiative.ca\/International\/wp-json\/wp\/v2\/posts\/126821\/revisions"}],"wp:attachment":[{"href":"https:\/\/linitiative.ca\/International\/wp-json\/wp\/v2\/media?parent=126821"}],"wp:term":[{"taxonomy":"category","embeddable":true,"href":"https:\/\/linitiative.ca\/International\/wp-json\/wp\/v2\/categories?post=126821"},{"taxonomy":"post_tag","embeddable":true,"href":"https:\/\/linitiative.ca\/International\/wp-json\/wp\/v2\/tags?post=126821"}],"curies":[{"name":"wp","href":"https:\/\/api.w.org\/{rel}","templated":true}]}}