{"id":126823,"date":"2021-09-12T12:31:25","date_gmt":"2021-09-12T16:31:25","guid":{"rendered":"https:\/\/linitiative.ca\/International\/naama-douze-deces-dans-un-accident-de-la-route\/"},"modified":"2021-09-12T12:31:25","modified_gmt":"2021-09-12T16:31:25","slug":"naama-douze-deces-dans-un-accident-de-la-route","status":"publish","type":"post","link":"https:\/\/linitiative.ca\/International\/naama-douze-deces-dans-un-accident-de-la-route\/","title":{"rendered":"Naama\u00a0: Douze d\u00e9c\u00e8s dans un accident de la route \u00a0"},"content":{"rendered":"<div>\n<div class=\"sriret\"><img decoding=\"async\" src=\"https:\/\/linitiative.ca\/International\/wp-content\/uploads\/sites\/23\/2021\/09\/default-picture-709x366_c-33.jpg\"><\/div>\n<p>Douze d\u00e9c\u00e8s ont \u00e9t\u00e9 enregistr\u00e9s dans un accident de la route, survenu aujourd\u2019hui dimanche 12 septembre au niveau de la commune El Bayoudh, dans la daira de Mecheria (wilaya de Naama), a indiqu\u00e9 la protection civile dans un communiqu\u00e9.<\/p>\n<p>C\u2019est un camion semi-remorque et un bus de transport de voyageurs, assurant la liaison Sidi Bel Abbes \u2013 Boussamghoun (El Bayadh), qui sont impliqu\u00e9s dans cet accident. La m\u00eame source ajoute que huit autres personnes bless\u00e9es ont \u00e9t\u00e9 transf\u00e9r\u00e9es vers l\u2019h\u00f4pital de Mecheria.<\/p>\n<p>\u00a0<\/p>\n<p>L\u2019article <a rel=\"nofollow\" href=\"https:\/\/www.elwatan.com\/edition\/actualite\/naama-douze-deces-dans-un-accident-de-la-route-12-09-2021\">Naama\u00a0: Douze d\u00e9c\u00e8s dans un accident de la route \u00a0<\/a> est apparu en premier sur <a rel=\"nofollow\" href=\"https:\/\/www.elwatan.com\/\">El Watan<\/a>.<\/p>\n<\/div>\n<p>Auteur: Abdelghani Aichoun<br \/>\n<a href=\"https:\/\/www.elwatan.com\/edition\/actualite\/naama-douze-deces-dans-un-accident-de-la-route-12-09-2021\">Cliquez ici pour lire l&rsquo;article depuis sa source.<\/a><\/p>\n","protected":false},"excerpt":{"rendered":"<p>Douze d\u00e9c\u00e8s ont \u00e9t\u00e9 enregistr\u00e9s dans un accident de la route, survenu aujourd\u2019hui dimanche 12 septembre au niveau de la commune El Bayoudh, dans la daira de Mecheria (wilaya de Naama), a indiqu\u00e9 la protection civile dans un communiqu\u00e9. C\u2019est un camion semi-remorque et un bus de transport de voyageurs, assurant la liaison Sidi Bel [&hellip;]<\/p>\n","protected":false},"author":1743,"featured_media":0,"comment_status":"closed","ping_status":"closed","sticky":false,"template":"","format":"standard","meta":{"fifu_image_url":"https:\/\/www.elwatan.com\/wp-content\/themes\/spectr\/img\/default-picture-709x366_c.jpg","fifu_image_alt":"Naama\u00a0: Douze d\u00e9c\u00e8s dans un accident de la route \u00a0","footnotes":""},"categories":[73,53],"tags":[],"class_list":["post-126823","post","type-post","status-publish","format-standard","hentry","category-actualite","category-algerie"],"_links":{"self":[{"href":"https:\/\/linitiative.ca\/International\/wp-json\/wp\/v2\/posts\/126823","targetHints":{"allow":["GET"]}}],"collection":[{"href":"https:\/\/linitiative.ca\/International\/wp-json\/wp\/v2\/posts"}],"about":[{"href":"https:\/\/linitiative.ca\/International\/wp-json\/wp\/v2\/types\/post"}],"author":[{"embeddable":true,"href":"https:\/\/linitiative.ca\/International\/wp-json\/wp\/v2\/users\/1743"}],"replies":[{"embeddable":true,"href":"https:\/\/linitiative.ca\/International\/wp-json\/wp\/v2\/comments?post=126823"}],"version-history":[{"count":0,"href":"https:\/\/linitiative.ca\/International\/wp-json\/wp\/v2\/posts\/126823\/revisions"}],"wp:attachment":[{"href":"https:\/\/linitiative.ca\/International\/wp-json\/wp\/v2\/media?parent=126823"}],"wp:term":[{"taxonomy":"category","embeddable":true,"href":"https:\/\/linitiative.ca\/International\/wp-json\/wp\/v2\/categories?post=126823"},{"taxonomy":"post_tag","embeddable":true,"href":"https:\/\/linitiative.ca\/International\/wp-json\/wp\/v2\/tags?post=126823"}],"curies":[{"name":"wp","href":"https:\/\/api.w.org\/{rel}","templated":true}]}}