{"id":126825,"date":"2021-09-12T13:21:44","date_gmt":"2021-09-12T17:21:44","guid":{"rendered":"https:\/\/linitiative.ca\/International\/covid-19-reception-de-15-millions-de-doses-de-vaccins-en-octobre-prochain\/"},"modified":"2021-09-12T13:21:44","modified_gmt":"2021-09-12T17:21:44","slug":"covid-19-reception-de-15-millions-de-doses-de-vaccins-en-octobre-prochain","status":"publish","type":"post","link":"https:\/\/linitiative.ca\/International\/covid-19-reception-de-15-millions-de-doses-de-vaccins-en-octobre-prochain\/","title":{"rendered":"Covid-19 : r\u00e9ception de 15 millions de doses de vaccins en octobre prochain"},"content":{"rendered":"<div>\n<div class=\"sriret\"><img decoding=\"async\" src=\"https:\/\/linitiative.ca\/International\/wp-content\/uploads\/sites\/23\/2021\/09\/default-picture-709x366_c-34.jpg\"><\/div>\n<p>Le directeur g\u00e9n\u00e9ral de l\u2019Institut Pasteur d\u2019Alger, Dr Fawzi Derrar a annonc\u00e9, dimanche 12 septembre \u00e0 Alger, la r\u00e9ception de 15 millions de doses de vaccins anti-covid en octobre prochain.<\/p>\n<p>Dans une d\u00e9claration \u00e0 l\u2019APS, Dr Derrar a affirm\u00e9 la conclusion d\u2019un accord avec un laboratoire producteur du vaccin anti-covid, ce qui permettra la r\u00e9ception de 15 millions de doses en octobre prochain. Il a ajout\u00e9 qu\u2019avec la r\u00e9ception de cette quantit\u00e9 qui viendra s\u2019ajouter aux quantit\u00e9s pr\u00e9c\u00e9dentes, l\u2019Alg\u00e9rie sera en mesure d\u2019atteindre un taux de vaccination de 70% de la population, soit 20 millions d\u2019habitants conform\u00e9ment \u00e0 l\u2019objectif fix\u00e9 par les autorit\u00e9s publiques. Il a rappel\u00e9, dans ce sens, la vaccination de 8 millions de personnes \u00e0 ce jour, dont 3 millions ont re\u00e7u la deuxi\u00e8me dose du vaccin et 5 millions la premi\u00e8re dose. Concernant les effets secondaires des vaccins acquis par l\u2019Alg\u00e9rie, Dr Derrar a affirm\u00e9 qu\u2019il s\u2019agit de \u00ab\u00a0faibles s\u00e9quelles qui varient d\u2019une personne \u00e0 une autre mais sans aucune gravit\u00e9\u00a0\u00bb, arguant que m\u00eames les pays producteurs de ces vaccins ont d\u00e9montr\u00e9, \u00e0 travers les tests cliniques qu\u2019ils \u00ab\u00a0n\u2019avaient pas des effets secondaires graves\u00a0\u00bb.<\/p>\n<p>L\u2019article <a rel=\"nofollow\" href=\"https:\/\/www.elwatan.com\/edition\/actualite\/covid-19-reception-de-15-millions-de-doses-de-vaccins-en-octobre-prochain-12-09-2021\">Covid-19 : r\u00e9ception de 15 millions de doses de vaccins en octobre prochain<\/a> est apparu en premier sur <a rel=\"nofollow\" href=\"https:\/\/www.elwatan.com\/\">El Watan<\/a>.<\/p>\n<\/div>\n<p>Auteur: Abdelghani Aichoun<br \/>\n<a href=\"https:\/\/www.elwatan.com\/edition\/actualite\/covid-19-reception-de-15-millions-de-doses-de-vaccins-en-octobre-prochain-12-09-2021\">Cliquez ici pour lire l&rsquo;article depuis sa source.<\/a><\/p>\n","protected":false},"excerpt":{"rendered":"<p>Le directeur g\u00e9n\u00e9ral de l\u2019Institut Pasteur d\u2019Alger, Dr Fawzi Derrar a annonc\u00e9, dimanche 12 septembre \u00e0 Alger, la r\u00e9ception de 15 millions de doses de vaccins anti-covid en octobre prochain. Dans une d\u00e9claration \u00e0 l\u2019APS, Dr Derrar a affirm\u00e9 la conclusion d\u2019un accord avec un laboratoire producteur du vaccin anti-covid, ce qui permettra la r\u00e9ception [&hellip;]<\/p>\n","protected":false},"author":1743,"featured_media":0,"comment_status":"closed","ping_status":"closed","sticky":false,"template":"","format":"standard","meta":{"fifu_image_url":"https:\/\/www.elwatan.com\/wp-content\/themes\/spectr\/img\/default-picture-709x366_c.jpg","fifu_image_alt":"Covid-19 : r\u00e9ception de 15 millions de doses de vaccins en octobre prochain","footnotes":""},"categories":[73,53],"tags":[],"class_list":["post-126825","post","type-post","status-publish","format-standard","hentry","category-actualite","category-algerie"],"_links":{"self":[{"href":"https:\/\/linitiative.ca\/International\/wp-json\/wp\/v2\/posts\/126825","targetHints":{"allow":["GET"]}}],"collection":[{"href":"https:\/\/linitiative.ca\/International\/wp-json\/wp\/v2\/posts"}],"about":[{"href":"https:\/\/linitiative.ca\/International\/wp-json\/wp\/v2\/types\/post"}],"author":[{"embeddable":true,"href":"https:\/\/linitiative.ca\/International\/wp-json\/wp\/v2\/users\/1743"}],"replies":[{"embeddable":true,"href":"https:\/\/linitiative.ca\/International\/wp-json\/wp\/v2\/comments?post=126825"}],"version-history":[{"count":0,"href":"https:\/\/linitiative.ca\/International\/wp-json\/wp\/v2\/posts\/126825\/revisions"}],"wp:attachment":[{"href":"https:\/\/linitiative.ca\/International\/wp-json\/wp\/v2\/media?parent=126825"}],"wp:term":[{"taxonomy":"category","embeddable":true,"href":"https:\/\/linitiative.ca\/International\/wp-json\/wp\/v2\/categories?post=126825"},{"taxonomy":"post_tag","embeddable":true,"href":"https:\/\/linitiative.ca\/International\/wp-json\/wp\/v2\/tags?post=126825"}],"curies":[{"name":"wp","href":"https:\/\/api.w.org\/{rel}","templated":true}]}}