{"id":126827,"date":"2021-09-12T04:00:00","date_gmt":"2021-09-12T08:00:00","guid":{"rendered":"https:\/\/linitiative.ca\/International\/rentree-scolaire-retour-a-la-normale-dans-lorganisation-des-cours-album-photos\/"},"modified":"2021-09-12T04:00:00","modified_gmt":"2021-09-12T08:00:00","slug":"rentree-scolaire-retour-a-la-normale-dans-lorganisation-des-cours-album-photos","status":"publish","type":"post","link":"https:\/\/linitiative.ca\/International\/rentree-scolaire-retour-a-la-normale-dans-lorganisation-des-cours-album-photos\/","title":{"rendered":"Rentr\u00e9e scolaire: retour \u00e0 la normale dans l&rsquo;organisation des cours (Album photos)"},"content":{"rendered":"<div><img decoding=\"async\" src=\"https:\/\/linitiative.ca\/International\/wp-content\/uploads\/sites\/23\/2021\/09\/1631303166_article.jpg\" alt=\"Rentr\u00e9e scolaire: retour \u00e0 la normale dans l\" organisation des cours photos align=\"left\">Ils seront plus de deux millions trois cent mille \u00e9l\u00e8ves \u00e0 converger d\u00e8s ce 15 septembre vers leurs \u00e9coles primaires, coll\u00e8ges et lyc\u00e9es secondaires, dans la joie de la rentr\u00e9e. Retour \u00e0 la normale dans l\u2019organisation des cours avec annulation du syst\u00e8me d\u2019enseignement par groupes.<\/p>\n<\/div>\n<p>Auteur:<br \/>\n<a href=\"https:\/\/www.leaders.com.tn\/article\/32391-rentree-scolaire-retour-a-la-normale-dans-l-organisation-des-cours-album-photos\">Cliquez ici pour lire l&rsquo;article depuis sa source.<\/a><\/p>\n","protected":false},"excerpt":{"rendered":"<p>Ils seront plus de deux millions trois cent mille \u00e9l\u00e8ves \u00e0 converger d\u00e8s ce 15 septembre vers leurs \u00e9coles primaires, coll\u00e8ges et lyc\u00e9es secondaires, dans la joie de la rentr\u00e9e. Retour \u00e0 la normale dans l\u2019organisation des cours avec annulation du syst\u00e8me d\u2019enseignement par groupes. Auteur: Cliquez ici pour lire l&rsquo;article depuis sa source.<\/p>\n","protected":false},"author":1772,"featured_media":0,"comment_status":"closed","ping_status":"closed","sticky":false,"template":"","format":"standard","meta":{"fifu_image_url":"http:\/\/www.leaders.com.tn\/uploads\/content\/thumbnails_small\/1631303166_article.jpg","fifu_image_alt":"<div>Rentr\u00e9e scolaire: retour \u00e0 la normale dans l'organisation des cours (Album photos)<\/div>","footnotes":""},"categories":[73,55],"tags":[],"class_list":["post-126827","post","type-post","status-publish","format-standard","hentry","category-actualite","category-tunisie"],"_links":{"self":[{"href":"https:\/\/linitiative.ca\/International\/wp-json\/wp\/v2\/posts\/126827","targetHints":{"allow":["GET"]}}],"collection":[{"href":"https:\/\/linitiative.ca\/International\/wp-json\/wp\/v2\/posts"}],"about":[{"href":"https:\/\/linitiative.ca\/International\/wp-json\/wp\/v2\/types\/post"}],"author":[{"embeddable":true,"href":"https:\/\/linitiative.ca\/International\/wp-json\/wp\/v2\/users\/1772"}],"replies":[{"embeddable":true,"href":"https:\/\/linitiative.ca\/International\/wp-json\/wp\/v2\/comments?post=126827"}],"version-history":[{"count":0,"href":"https:\/\/linitiative.ca\/International\/wp-json\/wp\/v2\/posts\/126827\/revisions"}],"wp:attachment":[{"href":"https:\/\/linitiative.ca\/International\/wp-json\/wp\/v2\/media?parent=126827"}],"wp:term":[{"taxonomy":"category","embeddable":true,"href":"https:\/\/linitiative.ca\/International\/wp-json\/wp\/v2\/categories?post=126827"},{"taxonomy":"post_tag","embeddable":true,"href":"https:\/\/linitiative.ca\/International\/wp-json\/wp\/v2\/tags?post=126827"}],"curies":[{"name":"wp","href":"https:\/\/api.w.org\/{rel}","templated":true}]}}