{"id":126830,"date":"2021-09-12T06:00:00","date_gmt":"2021-09-12T10:00:00","guid":{"rendered":"https:\/\/linitiative.ca\/International\/non-respect-des-conditions-sanitaires-dans-les-bus\/"},"modified":"2021-09-12T06:00:00","modified_gmt":"2021-09-12T10:00:00","slug":"non-respect-des-conditions-sanitaires-dans-les-bus","status":"publish","type":"post","link":"https:\/\/linitiative.ca\/International\/non-respect-des-conditions-sanitaires-dans-les-bus\/","title":{"rendered":"Non-respect des conditions sanitaires dans les bus"},"content":{"rendered":"<div>En d\u00e9pit des conditions exig\u00e9es aux transporteurs de voyageurs par les pouvoirs publics afin de lutter contre la propagation de la cha\u00eene de transmission de la pand\u00e9mie de coronavirus parmi la population, force est de constater que la majorit\u00e9<\/div>\n<p>Auteur:<br \/>\n<a href=\"https:\/\/www.lesoirdalgerie.com\/regions\/non-respect-des-conditions-sanitaires-dans-les-bus-67331\">Cliquez ici pour lire l&rsquo;article depuis sa source.<\/a><\/p>\n","protected":false},"excerpt":{"rendered":"<p>En d\u00e9pit des conditions exig\u00e9es aux transporteurs de voyageurs par les pouvoirs publics afin de lutter contre la propagation de la cha\u00eene de transmission de la pand\u00e9mie de coronavirus parmi la population, force est de constater que la majorit\u00e9 Auteur: Cliquez ici pour lire l&rsquo;article depuis sa source.<\/p>\n","protected":false},"author":1741,"featured_media":0,"comment_status":"closed","ping_status":"closed","sticky":false,"template":"","format":"standard","meta":{"fifu_image_url":"","fifu_image_alt":"","footnotes":""},"categories":[73,53],"tags":[],"class_list":["post-126830","post","type-post","status-publish","format-standard","hentry","category-actualite","category-algerie"],"_links":{"self":[{"href":"https:\/\/linitiative.ca\/International\/wp-json\/wp\/v2\/posts\/126830","targetHints":{"allow":["GET"]}}],"collection":[{"href":"https:\/\/linitiative.ca\/International\/wp-json\/wp\/v2\/posts"}],"about":[{"href":"https:\/\/linitiative.ca\/International\/wp-json\/wp\/v2\/types\/post"}],"author":[{"embeddable":true,"href":"https:\/\/linitiative.ca\/International\/wp-json\/wp\/v2\/users\/1741"}],"replies":[{"embeddable":true,"href":"https:\/\/linitiative.ca\/International\/wp-json\/wp\/v2\/comments?post=126830"}],"version-history":[{"count":0,"href":"https:\/\/linitiative.ca\/International\/wp-json\/wp\/v2\/posts\/126830\/revisions"}],"wp:attachment":[{"href":"https:\/\/linitiative.ca\/International\/wp-json\/wp\/v2\/media?parent=126830"}],"wp:term":[{"taxonomy":"category","embeddable":true,"href":"https:\/\/linitiative.ca\/International\/wp-json\/wp\/v2\/categories?post=126830"},{"taxonomy":"post_tag","embeddable":true,"href":"https:\/\/linitiative.ca\/International\/wp-json\/wp\/v2\/tags?post=126830"}],"curies":[{"name":"wp","href":"https:\/\/api.w.org\/{rel}","templated":true}]}}