{"id":126831,"date":"2021-09-12T06:00:00","date_gmt":"2021-09-12T10:00:00","guid":{"rendered":"https:\/\/linitiative.ca\/International\/relachement-dans-le-respect-des-gestes-barrieres\/"},"modified":"2021-09-12T06:00:00","modified_gmt":"2021-09-12T10:00:00","slug":"relachement-dans-le-respect-des-gestes-barrieres","status":"publish","type":"post","link":"https:\/\/linitiative.ca\/International\/relachement-dans-le-respect-des-gestes-barrieres\/","title":{"rendered":"Rel\u00e2chement dans le respect des gestes barri\u00e8res"},"content":{"rendered":"<div>Force est de constater, malheureusement, que les Blid\u00e9ens ont tendance, ces jours-ci, \u00e0 faire montre d&rsquo;un certain rel\u00e2chement en mati\u00e8re de respect des gestes barri\u00e8res, comme si la pand\u00e9mie avait compl\u00e8tement disparu.<br \/>\nS&rsquo;il est vrai que le nombre<\/div>\n<p>Auteur:<br \/>\n<a href=\"https:\/\/www.lesoirdalgerie.com\/regions\/relachement-dans-le-respect-des-gestes-barrieres-67330\">Cliquez ici pour lire l&rsquo;article depuis sa source.<\/a><\/p>\n","protected":false},"excerpt":{"rendered":"<p>Force est de constater, malheureusement, que les Blid\u00e9ens ont tendance, ces jours-ci, \u00e0 faire montre d&rsquo;un certain rel\u00e2chement en mati\u00e8re de respect des gestes barri\u00e8res, comme si la pand\u00e9mie avait compl\u00e8tement disparu. S&rsquo;il est vrai que le nombre Auteur: Cliquez ici pour lire l&rsquo;article depuis sa source.<\/p>\n","protected":false},"author":1741,"featured_media":0,"comment_status":"closed","ping_status":"closed","sticky":false,"template":"","format":"standard","meta":{"fifu_image_url":"","fifu_image_alt":"","footnotes":""},"categories":[73,53],"tags":[],"class_list":["post-126831","post","type-post","status-publish","format-standard","hentry","category-actualite","category-algerie"],"_links":{"self":[{"href":"https:\/\/linitiative.ca\/International\/wp-json\/wp\/v2\/posts\/126831","targetHints":{"allow":["GET"]}}],"collection":[{"href":"https:\/\/linitiative.ca\/International\/wp-json\/wp\/v2\/posts"}],"about":[{"href":"https:\/\/linitiative.ca\/International\/wp-json\/wp\/v2\/types\/post"}],"author":[{"embeddable":true,"href":"https:\/\/linitiative.ca\/International\/wp-json\/wp\/v2\/users\/1741"}],"replies":[{"embeddable":true,"href":"https:\/\/linitiative.ca\/International\/wp-json\/wp\/v2\/comments?post=126831"}],"version-history":[{"count":0,"href":"https:\/\/linitiative.ca\/International\/wp-json\/wp\/v2\/posts\/126831\/revisions"}],"wp:attachment":[{"href":"https:\/\/linitiative.ca\/International\/wp-json\/wp\/v2\/media?parent=126831"}],"wp:term":[{"taxonomy":"category","embeddable":true,"href":"https:\/\/linitiative.ca\/International\/wp-json\/wp\/v2\/categories?post=126831"},{"taxonomy":"post_tag","embeddable":true,"href":"https:\/\/linitiative.ca\/International\/wp-json\/wp\/v2\/tags?post=126831"}],"curies":[{"name":"wp","href":"https:\/\/api.w.org\/{rel}","templated":true}]}}