{"id":126838,"date":"2021-09-12T09:01:51","date_gmt":"2021-09-12T13:01:51","guid":{"rendered":"https:\/\/linitiative.ca\/International\/forbes-mena-un-marocain-dans-les-30-under-30\/"},"modified":"2021-09-12T09:01:51","modified_gmt":"2021-09-12T13:01:51","slug":"forbes-mena-un-marocain-dans-les-30-under-30","status":"publish","type":"post","link":"https:\/\/linitiative.ca\/International\/forbes-mena-un-marocain-dans-les-30-under-30\/","title":{"rendered":"Forbes Mena. Un Marocain dans les \u00ab30 Under 30\u00bb"},"content":{"rendered":"<div><img decoding=\"async\" width=\"815\" height=\"684\" src=\"https:\/\/linitiative.ca\/International\/wp-content\/uploads\/sites\/23\/2021\/09\/FORBES.jpg\" class=\"attachment-post-thumbnail size-post-thumbnail wp-post-image\" alt=\"\" loading=\"lazy\" srcset=\"https:\/\/linitiative.ca\/International\/wp-content\/uploads\/sites\/23\/2021\/09\/FORBES.jpg 815w, https:\/\/www.challenge.ma\/wp-content\/uploads\/2021\/09\/FORBES-300x252.jpg 300w, https:\/\/www.challenge.ma\/wp-content\/uploads\/2021\/09\/FORBES-768x645.jpg 768w, https:\/\/www.challenge.ma\/wp-content\/uploads\/2021\/09\/FORBES-360x302.jpg 360w, https:\/\/www.challenge.ma\/wp-content\/uploads\/2021\/09\/FORBES-750x629.jpg 750w, https:\/\/www.challenge.ma\/wp-content\/uploads\/2021\/09\/FORBES-70x60.jpg 70w\" sizes=\"auto, (max-width: 815px) 100vw, 815px\" itemprop=\"image\">L\u2019athl\u00e8te marocain Soufiane El Bakkali figure parmi les 30 personnalit\u00e9s de moins de 30 ans pour la r\u00e9gion MENA de jeunes leaders, selon le classement de Forbes MENA. Nouvelle cons\u00e9cration pour Soufiane El Bakkali. L\u2019athl\u00e8te marocain \u00e2g\u00e9 de seulement 24 ans fait partie cette ann\u00e9e des 30 personnalit\u00e9s de moins<\/div>\n<p>Auteur: challenge<br \/>\n<a href=\"https:\/\/www.challenge.ma\/forbes-mena-un-marocain-dans-les-30-under-30-220547\/\">Cliquez ici pour lire l&rsquo;article depuis sa source.<\/a><\/p>\n","protected":false},"excerpt":{"rendered":"<p>L\u2019athl\u00e8te marocain Soufiane El Bakkali figure parmi les 30 personnalit\u00e9s de moins de 30 ans pour la r\u00e9gion MENA de jeunes leaders, selon le classement de Forbes MENA. Nouvelle cons\u00e9cration pour Soufiane El Bakkali. L\u2019athl\u00e8te marocain \u00e2g\u00e9 de seulement 24 ans fait partie cette ann\u00e9e des 30 personnalit\u00e9s de moins Auteur: challenge Cliquez ici pour [&hellip;]<\/p>\n","protected":false},"author":1787,"featured_media":0,"comment_status":"closed","ping_status":"closed","sticky":false,"template":"","format":"standard","meta":{"fifu_image_url":"https:\/\/www.challenge.ma\/wp-content\/uploads\/2021\/09\/FORBES.jpg","fifu_image_alt":"Forbes Mena. Un Marocain dans les \u00ab30 Under 30\u00bb","footnotes":""},"categories":[78,54],"tags":[],"class_list":["post-126838","post","type-post","status-publish","format-standard","hentry","category-economie","category-maroc"],"_links":{"self":[{"href":"https:\/\/linitiative.ca\/International\/wp-json\/wp\/v2\/posts\/126838","targetHints":{"allow":["GET"]}}],"collection":[{"href":"https:\/\/linitiative.ca\/International\/wp-json\/wp\/v2\/posts"}],"about":[{"href":"https:\/\/linitiative.ca\/International\/wp-json\/wp\/v2\/types\/post"}],"author":[{"embeddable":true,"href":"https:\/\/linitiative.ca\/International\/wp-json\/wp\/v2\/users\/1787"}],"replies":[{"embeddable":true,"href":"https:\/\/linitiative.ca\/International\/wp-json\/wp\/v2\/comments?post=126838"}],"version-history":[{"count":0,"href":"https:\/\/linitiative.ca\/International\/wp-json\/wp\/v2\/posts\/126838\/revisions"}],"wp:attachment":[{"href":"https:\/\/linitiative.ca\/International\/wp-json\/wp\/v2\/media?parent=126838"}],"wp:term":[{"taxonomy":"category","embeddable":true,"href":"https:\/\/linitiative.ca\/International\/wp-json\/wp\/v2\/categories?post=126838"},{"taxonomy":"post_tag","embeddable":true,"href":"https:\/\/linitiative.ca\/International\/wp-json\/wp\/v2\/tags?post=126838"}],"curies":[{"name":"wp","href":"https:\/\/api.w.org\/{rel}","templated":true}]}}