{"id":126840,"date":"2021-09-12T09:48:07","date_gmt":"2021-09-12T13:48:07","guid":{"rendered":"https:\/\/linitiative.ca\/International\/mali-deux-chauffeurs-routiers-marocains-tues-et-un-autre-blesse-par-des-elements-armes-video\/"},"modified":"2021-09-12T09:48:07","modified_gmt":"2021-09-12T13:48:07","slug":"mali-deux-chauffeurs-routiers-marocains-tues-et-un-autre-blesse-par-des-elements-armes-video","status":"publish","type":"post","link":"https:\/\/linitiative.ca\/International\/mali-deux-chauffeurs-routiers-marocains-tues-et-un-autre-blesse-par-des-elements-armes-video\/","title":{"rendered":"Mali. Deux chauffeurs routiers marocains tu\u00e9s et un autre bless\u00e9 par des \u00e9l\u00e9ments arm\u00e9s [Vid\u00e9o]"},"content":{"rendered":"<div><img decoding=\"async\" width=\"924\" height=\"616\" src=\"https:\/\/www.challenge.ma\/wp-content\/uploads\/2021\/09\/PHOT-1.jpg\" class=\"attachment-post-thumbnail size-post-thumbnail wp-post-image\" alt=\"\" loading=\"lazy\" srcset=\"https:\/\/www.challenge.ma\/wp-content\/uploads\/2021\/09\/PHOT-1.jpg 924w, https:\/\/www.challenge.ma\/wp-content\/uploads\/2021\/09\/PHOT-1-300x200.jpg 300w, https:\/\/www.challenge.ma\/wp-content\/uploads\/2021\/09\/PHOT-1-768x512.jpg 768w, https:\/\/www.challenge.ma\/wp-content\/uploads\/2021\/09\/PHOT-1-360x240.jpg 360w, https:\/\/www.challenge.ma\/wp-content\/uploads\/2021\/09\/PHOT-1-750x500.jpg 750w\" sizes=\"auto, (max-width: 924px) 100vw, 924px\" itemprop=\"image\">Deux routiers marocains originaires de Ait Melloul, ont \u00e9t\u00e9 tu\u00e9s et un autre a \u00e9t\u00e9 bless\u00e9, dans la soir\u00e9e du samedi 11 septembre 2021, par des hommes arm\u00e9s, selon une source aupr\u00e8s de l\u2019ambassade du Maroc \u00e0 Bamako. Un quatri\u00e8me chauffeur a surv\u00e9cu \u00e0 cette attaque. Les d\u00e9tails. Selon l\u2019Ambassade<\/div>\n<p>Auteur: challenge<br \/>\n<a href=\"https:\/\/www.challenge.ma\/mali-deux-camionneurs-marocains-tues-et-un-autre-blesse-par-des-elements-armes-video-220571\/\">Cliquez ici pour lire l&rsquo;article depuis sa source.<\/a><\/p>\n","protected":false},"excerpt":{"rendered":"<p>Deux routiers marocains originaires de Ait Melloul, ont \u00e9t\u00e9 tu\u00e9s et un autre a \u00e9t\u00e9 bless\u00e9, dans la soir\u00e9e du samedi 11 septembre 2021, par des hommes arm\u00e9s, selon une source aupr\u00e8s de l\u2019ambassade du Maroc \u00e0 Bamako. Un quatri\u00e8me chauffeur a surv\u00e9cu \u00e0 cette attaque. Les d\u00e9tails. Selon l\u2019Ambassade Auteur: challenge Cliquez ici pour [&hellip;]<\/p>\n","protected":false},"author":1787,"featured_media":0,"comment_status":"closed","ping_status":"closed","sticky":false,"template":"","format":"standard","meta":{"fifu_image_url":"https:\/\/www.challenge.ma\/wp-content\/uploads\/2021\/09\/PHOT-1.jpg","fifu_image_alt":"Mali. Deux chauffeurs routiers marocains tu\u00e9s et un autre bless\u00e9 par des \u00e9l\u00e9ments arm\u00e9s [Vid\u00e9o]","footnotes":""},"categories":[78,54],"tags":[],"class_list":["post-126840","post","type-post","status-publish","format-standard","hentry","category-economie","category-maroc"],"_links":{"self":[{"href":"https:\/\/linitiative.ca\/International\/wp-json\/wp\/v2\/posts\/126840","targetHints":{"allow":["GET"]}}],"collection":[{"href":"https:\/\/linitiative.ca\/International\/wp-json\/wp\/v2\/posts"}],"about":[{"href":"https:\/\/linitiative.ca\/International\/wp-json\/wp\/v2\/types\/post"}],"author":[{"embeddable":true,"href":"https:\/\/linitiative.ca\/International\/wp-json\/wp\/v2\/users\/1787"}],"replies":[{"embeddable":true,"href":"https:\/\/linitiative.ca\/International\/wp-json\/wp\/v2\/comments?post=126840"}],"version-history":[{"count":0,"href":"https:\/\/linitiative.ca\/International\/wp-json\/wp\/v2\/posts\/126840\/revisions"}],"wp:attachment":[{"href":"https:\/\/linitiative.ca\/International\/wp-json\/wp\/v2\/media?parent=126840"}],"wp:term":[{"taxonomy":"category","embeddable":true,"href":"https:\/\/linitiative.ca\/International\/wp-json\/wp\/v2\/categories?post=126840"},{"taxonomy":"post_tag","embeddable":true,"href":"https:\/\/linitiative.ca\/International\/wp-json\/wp\/v2\/tags?post=126840"}],"curies":[{"name":"wp","href":"https:\/\/api.w.org\/{rel}","templated":true}]}}