{"id":126841,"date":"2021-09-12T10:33:40","date_gmt":"2021-09-12T14:33:40","guid":{"rendered":"https:\/\/linitiative.ca\/International\/mission-francaise-voici-le-calendrier-scolaire-modifie-2021-2022\/"},"modified":"2021-09-12T10:33:40","modified_gmt":"2021-09-12T14:33:40","slug":"mission-francaise-voici-le-calendrier-scolaire-modifie-2021-2022","status":"publish","type":"post","link":"https:\/\/linitiative.ca\/International\/mission-francaise-voici-le-calendrier-scolaire-modifie-2021-2022\/","title":{"rendered":"Mission fran\u00e7aise. Voici le calendrier scolaire modifi\u00e9 2021-2022"},"content":{"rendered":"<div><img decoding=\"async\" width=\"585\" height=\"330\" src=\"https:\/\/linitiative.ca\/International\/wp-content\/uploads\/sites\/23\/2021\/09\/LYCEE.jpg\" class=\"attachment-post-thumbnail size-post-thumbnail wp-post-image\" alt=\"\" loading=\"lazy\" srcset=\"https:\/\/linitiative.ca\/International\/wp-content\/uploads\/sites\/23\/2021\/09\/LYCEE.jpg 585w, https:\/\/www.challenge.ma\/wp-content\/uploads\/2021\/09\/LYCEE-300x169.jpg 300w, https:\/\/www.challenge.ma\/wp-content\/uploads\/2021\/09\/LYCEE-360x203.jpg 360w\" sizes=\"auto, (max-width: 585px) 100vw, 585px\" itemprop=\"image\">Le service de coop\u00e9ration et d\u2019action culturelle ( SCAC ) de l\u2019Ambassade de France au Maroc vient de d\u00e9voiler le calendrier scolaire modifi\u00e9 permettant de revenir aux 36 semaines de scolarit\u00e9 pr\u00e9vues par le Code de l\u2019Education en France. Apr\u00e8s avoir annonc\u00e9 que les \u00e9coles et lyc\u00e9es du r\u00e9seau d\u2019enseignement<\/div>\n<p>Auteur: challenge<br \/>\n<a href=\"https:\/\/www.challenge.ma\/mission-francaise-voici-le-calendrier-scolaire-modifie-2021-2022-220589\/\">Cliquez ici pour lire l&rsquo;article depuis sa source.<\/a><\/p>\n","protected":false},"excerpt":{"rendered":"<p>Le service de coop\u00e9ration et d\u2019action culturelle ( SCAC ) de l\u2019Ambassade de France au Maroc vient de d\u00e9voiler le calendrier scolaire modifi\u00e9 permettant de revenir aux 36 semaines de scolarit\u00e9 pr\u00e9vues par le Code de l\u2019Education en France. Apr\u00e8s avoir annonc\u00e9 que les \u00e9coles et lyc\u00e9es du r\u00e9seau d\u2019enseignement Auteur: challenge Cliquez ici pour [&hellip;]<\/p>\n","protected":false},"author":1787,"featured_media":0,"comment_status":"closed","ping_status":"closed","sticky":false,"template":"","format":"standard","meta":{"fifu_image_url":"https:\/\/www.challenge.ma\/wp-content\/uploads\/2021\/09\/LYCEE.jpg","fifu_image_alt":"Mission fran\u00e7aise. Voici le calendrier scolaire modifi\u00e9 2021-2022","footnotes":""},"categories":[78,54],"tags":[],"class_list":["post-126841","post","type-post","status-publish","format-standard","hentry","category-economie","category-maroc"],"_links":{"self":[{"href":"https:\/\/linitiative.ca\/International\/wp-json\/wp\/v2\/posts\/126841","targetHints":{"allow":["GET"]}}],"collection":[{"href":"https:\/\/linitiative.ca\/International\/wp-json\/wp\/v2\/posts"}],"about":[{"href":"https:\/\/linitiative.ca\/International\/wp-json\/wp\/v2\/types\/post"}],"author":[{"embeddable":true,"href":"https:\/\/linitiative.ca\/International\/wp-json\/wp\/v2\/users\/1787"}],"replies":[{"embeddable":true,"href":"https:\/\/linitiative.ca\/International\/wp-json\/wp\/v2\/comments?post=126841"}],"version-history":[{"count":0,"href":"https:\/\/linitiative.ca\/International\/wp-json\/wp\/v2\/posts\/126841\/revisions"}],"wp:attachment":[{"href":"https:\/\/linitiative.ca\/International\/wp-json\/wp\/v2\/media?parent=126841"}],"wp:term":[{"taxonomy":"category","embeddable":true,"href":"https:\/\/linitiative.ca\/International\/wp-json\/wp\/v2\/categories?post=126841"},{"taxonomy":"post_tag","embeddable":true,"href":"https:\/\/linitiative.ca\/International\/wp-json\/wp\/v2\/tags?post=126841"}],"curies":[{"name":"wp","href":"https:\/\/api.w.org\/{rel}","templated":true}]}}