{"id":126844,"date":"2021-09-12T16:50:14","date_gmt":"2021-09-12T20:50:14","guid":{"rendered":"https:\/\/linitiative.ca\/International\/la-libye-accorde-des-contrats-a-des-entreprises-en-tp-egyptiennes\/"},"modified":"2021-09-12T16:50:14","modified_gmt":"2021-09-12T20:50:14","slug":"la-libye-accorde-des-contrats-a-des-entreprises-en-tp-egyptiennes","status":"publish","type":"post","link":"https:\/\/linitiative.ca\/International\/la-libye-accorde-des-contrats-a-des-entreprises-en-tp-egyptiennes\/","title":{"rendered":"La Libye accorde des contrats \u00e0 des entreprises en TP \u00e9gyptiennes"},"content":{"rendered":"<div>\n<p>Le porte parole du gouvernement libyen a annonc\u00e9 que des accords ont \u00e9t\u00e9 conclus avec des entreprises de travaux publics \u00e9gyptiennes, pour r\u00e9aliser des travaux de r\u00e9fection des ponts et chauss\u00e9es, dans certaines r\u00e9gions de la Libye.<\/p>\n<p>L\u2019article <a href=\"https:\/\/www.tunisienumerique.com\/la-libye-accorde-des-contrats-a-des-entreprises-en-tp-egyptiennes\/\">La Libye accorde des contrats \u00e0 des entreprises en TP \u00e9gyptiennes<\/a> est apparu en premier sur <a href=\"https:\/\/www.tunisienumerique.com\/\">Tunisie<\/a>.<\/p>\n<\/div>\n<p>Auteur: LM<br \/>\n<a href=\"https:\/\/www.tunisienumerique.com\/la-libye-accorde-des-contrats-a-des-entreprises-en-tp-egyptiennes\/\">Cliquez ici pour lire l&rsquo;article depuis sa source.<\/a><\/p>\n","protected":false},"excerpt":{"rendered":"<p>Le porte parole du gouvernement libyen a annonc\u00e9 que des accords ont \u00e9t\u00e9 conclus avec des entreprises de travaux publics \u00e9gyptiennes, pour r\u00e9aliser des travaux de r\u00e9fection des ponts et chauss\u00e9es, dans certaines r\u00e9gions de la Libye. L\u2019article La Libye accorde des contrats \u00e0 des entreprises en TP \u00e9gyptiennes est apparu en premier sur Tunisie. [&hellip;]<\/p>\n","protected":false},"author":1789,"featured_media":0,"comment_status":"closed","ping_status":"closed","sticky":false,"template":"","format":"standard","meta":{"fifu_image_url":"","fifu_image_alt":"","footnotes":""},"categories":[73,55],"tags":[],"class_list":["post-126844","post","type-post","status-publish","format-standard","hentry","category-actualite","category-tunisie"],"_links":{"self":[{"href":"https:\/\/linitiative.ca\/International\/wp-json\/wp\/v2\/posts\/126844","targetHints":{"allow":["GET"]}}],"collection":[{"href":"https:\/\/linitiative.ca\/International\/wp-json\/wp\/v2\/posts"}],"about":[{"href":"https:\/\/linitiative.ca\/International\/wp-json\/wp\/v2\/types\/post"}],"author":[{"embeddable":true,"href":"https:\/\/linitiative.ca\/International\/wp-json\/wp\/v2\/users\/1789"}],"replies":[{"embeddable":true,"href":"https:\/\/linitiative.ca\/International\/wp-json\/wp\/v2\/comments?post=126844"}],"version-history":[{"count":0,"href":"https:\/\/linitiative.ca\/International\/wp-json\/wp\/v2\/posts\/126844\/revisions"}],"wp:attachment":[{"href":"https:\/\/linitiative.ca\/International\/wp-json\/wp\/v2\/media?parent=126844"}],"wp:term":[{"taxonomy":"category","embeddable":true,"href":"https:\/\/linitiative.ca\/International\/wp-json\/wp\/v2\/categories?post=126844"},{"taxonomy":"post_tag","embeddable":true,"href":"https:\/\/linitiative.ca\/International\/wp-json\/wp\/v2\/tags?post=126844"}],"curies":[{"name":"wp","href":"https:\/\/api.w.org\/{rel}","templated":true}]}}