{"id":126845,"date":"2021-09-12T16:54:56","date_gmt":"2021-09-12T20:54:56","guid":{"rendered":"https:\/\/linitiative.ca\/International\/tunisie-vol-de-concentrateurs-doxygene-a-lhopital-de-sidi-bouzid-arrestation-dun-infirmier\/"},"modified":"2021-09-12T16:54:56","modified_gmt":"2021-09-12T20:54:56","slug":"tunisie-vol-de-concentrateurs-doxygene-a-lhopital-de-sidi-bouzid-arrestation-dun-infirmier","status":"publish","type":"post","link":"https:\/\/linitiative.ca\/International\/tunisie-vol-de-concentrateurs-doxygene-a-lhopital-de-sidi-bouzid-arrestation-dun-infirmier\/","title":{"rendered":"Tunisie- Vol de concentrateurs d\u2019oxyg\u00e8ne \u00e0 l\u2019h\u00f4pital de Sidi Bouzid\u00a0: Arrestation d\u2019un infirmier"},"content":{"rendered":"<div>\n<p>Un infirmier exer\u00e7ant \u00e0 l\u2019h\u00f4pital r\u00e9gional de Sidi Bouzid, a \u00e9t\u00e9 arr\u00eat\u00e9, ce dimanche, dans le cadre d\u2019une enqu\u00eate men\u00e9e sur le vol de plusieurs concentrateurs d\u2019oxyg\u00e8ne de l\u2019h\u00f4pital. Il sera pr\u00e9sent\u00e9 au parquet, demain lundi, alors que plusieurs autres personnes ont \u00e9t\u00e9 laiss\u00e9es en \u00e9tat de libert\u00e9.<\/p>\n<p>L\u2019article <a href=\"https:\/\/www.tunisienumerique.com\/tunisie-vol-de-concentrateurs-doxygene-a-lhopital-de-sidi-bouzid-arrestation-dun-infirmier\/\">Tunisie- Vol de concentrateurs d\u2019oxyg\u00e8ne \u00e0 l\u2019h\u00f4pital de Sidi Bouzid\u00a0: Arrestation d\u2019un infirmier<\/a> est apparu en premier sur <a href=\"https:\/\/www.tunisienumerique.com\/\">Tunisie<\/a>.<\/p>\n<\/div>\n<p>Auteur: LM<br \/>\n<a href=\"https:\/\/www.tunisienumerique.com\/tunisie-vol-de-concentrateurs-doxygene-a-lhopital-de-sidi-bouzid-arrestation-dun-infirmier\/\">Cliquez ici pour lire l&rsquo;article depuis sa source.<\/a><\/p>\n","protected":false},"excerpt":{"rendered":"<p>Un infirmier exer\u00e7ant \u00e0 l\u2019h\u00f4pital r\u00e9gional de Sidi Bouzid, a \u00e9t\u00e9 arr\u00eat\u00e9, ce dimanche, dans le cadre d\u2019une enqu\u00eate men\u00e9e sur le vol de plusieurs concentrateurs d\u2019oxyg\u00e8ne de l\u2019h\u00f4pital. Il sera pr\u00e9sent\u00e9 au parquet, demain lundi, alors que plusieurs autres personnes ont \u00e9t\u00e9 laiss\u00e9es en \u00e9tat de libert\u00e9. L\u2019article Tunisie- Vol de concentrateurs d\u2019oxyg\u00e8ne \u00e0 [&hellip;]<\/p>\n","protected":false},"author":1789,"featured_media":0,"comment_status":"closed","ping_status":"closed","sticky":false,"template":"","format":"standard","meta":{"fifu_image_url":"","fifu_image_alt":"","footnotes":""},"categories":[73,55],"tags":[],"class_list":["post-126845","post","type-post","status-publish","format-standard","hentry","category-actualite","category-tunisie"],"_links":{"self":[{"href":"https:\/\/linitiative.ca\/International\/wp-json\/wp\/v2\/posts\/126845","targetHints":{"allow":["GET"]}}],"collection":[{"href":"https:\/\/linitiative.ca\/International\/wp-json\/wp\/v2\/posts"}],"about":[{"href":"https:\/\/linitiative.ca\/International\/wp-json\/wp\/v2\/types\/post"}],"author":[{"embeddable":true,"href":"https:\/\/linitiative.ca\/International\/wp-json\/wp\/v2\/users\/1789"}],"replies":[{"embeddable":true,"href":"https:\/\/linitiative.ca\/International\/wp-json\/wp\/v2\/comments?post=126845"}],"version-history":[{"count":0,"href":"https:\/\/linitiative.ca\/International\/wp-json\/wp\/v2\/posts\/126845\/revisions"}],"wp:attachment":[{"href":"https:\/\/linitiative.ca\/International\/wp-json\/wp\/v2\/media?parent=126845"}],"wp:term":[{"taxonomy":"category","embeddable":true,"href":"https:\/\/linitiative.ca\/International\/wp-json\/wp\/v2\/categories?post=126845"},{"taxonomy":"post_tag","embeddable":true,"href":"https:\/\/linitiative.ca\/International\/wp-json\/wp\/v2\/tags?post=126845"}],"curies":[{"name":"wp","href":"https:\/\/api.w.org\/{rel}","templated":true}]}}